{"id":16622,"date":"2025-08-22T10:39:43","date_gmt":"2025-08-22T08:39:43","guid":{"rendered":"https:\/\/saera.eu\/fr\/?p=16622"},"modified":"2025-11-25T10:01:05","modified_gmt":"2025-11-25T09:01:05","slug":"optimisation-des-approde-traitement-de-lamblyopie-chez-les-enfants","status":"publish","type":"post","link":"https:\/\/saera.eu\/fr\/2025\/08\/22\/optimisation-des-approde-traitement-de-lamblyopie-chez-les-enfants\/","title":{"rendered":"Optimisation des approches de traitement de l&#8217;amblyopie chez les enfants"},"content":{"rendered":"\t\t<div data-elementor-type=\"wp-post\" data-elementor-id=\"16622\" class=\"elementor elementor-16622\" data-elementor-post-type=\"post\">\n\t\t\t\t<div class=\"elementor-element elementor-element-2d7ce22d e-flex e-con-boxed e-con e-parent\" data-id=\"2d7ce22d\" data-element_type=\"container\">\n\t\t\t\t\t<div class=\"e-con-inner\">\n\t\t<div class=\"elementor-element elementor-element-666995b4 e-con-full e-flex e-con e-child\" data-id=\"666995b4\" data-element_type=\"container\">\n\t\t<div class=\"elementor-element elementor-element-550aff57 e-flex e-con-boxed e-con e-child\" data-id=\"550aff57\" data-element_type=\"container\">\n\t\t\t\t\t<div class=\"e-con-inner\">\n\t\t\t\t<div class=\"elementor-element elementor-element-29e531e4 elementor-widget elementor-widget-spacer\" data-id=\"29e531e4\" data-element_type=\"widget\" data-widget_type=\"spacer.default\">\n\t\t\t\t<div class=\"elementor-widget-container\">\n\t\t\t\t\t<div class=\"elementor-spacer\">\n\t\t\t<div class=\"elementor-spacer-inner\"><\/div>\n\t\t<\/div>\n\t\t\t\t<\/div>\n\t\t\t\t<\/div>\n\t\t\t\t<div class=\"elementor-element elementor-element-1fcc9c2e elementor-widget elementor-widget-text-editor\" data-id=\"1fcc9c2e\" data-element_type=\"widget\" data-widget_type=\"text-editor.default\">\n\t\t\t\t<div class=\"elementor-widget-container\">\n\t\t\t\t\t\t\t<h2 class=\"title title-l title-post-single\"><span style=\"color: #000066;\">Optimisation des approches de traitement de l&#8217;amblyopie chez les enfants\u00a0<br \/><br \/><\/span><\/h2>\t\t\t\t\t\t<\/div>\n\t\t\t\t<\/div>\n\t\t\t\t<div class=\"elementor-element elementor-element-3dee130f elementor-align-right elementor-widget elementor-widget-post-info\" data-id=\"3dee130f\" data-element_type=\"widget\" data-widget_type=\"post-info.default\">\n\t\t\t\t<div class=\"elementor-widget-container\">\n\t\t\t\t\t<ul class=\"elementor-inline-items elementor-icon-list-items elementor-post-info\">\n\t\t\t\t\t\t\t\t<li class=\"elementor-icon-list-item elementor-repeater-item-f8edb24 elementor-inline-item\" itemprop=\"datePublished\">\n\t\t\t\t\t\t\t\t\t\t<span class=\"elementor-icon-list-icon\">\n\t\t\t\t\t\t\t\t<svg aria-hidden=\"true\" class=\"e-font-icon-svg e-fas-calendar\" viewBox=\"0 0 448 512\" xmlns=\"http:\/\/www.w3.org\/2000\/svg\"><path d=\"M12 192h424c6.6 0 12 5.4 12 12v260c0 26.5-21.5 48-48 48H48c-26.5 0-48-21.5-48-48V204c0-6.6 5.4-12 12-12zm436-44v-36c0-26.5-21.5-48-48-48h-48V12c0-6.6-5.4-12-12-12h-40c-6.6 0-12 5.4-12 12v52H160V12c0-6.6-5.4-12-12-12h-40c-6.6 0-12 5.4-12 12v52H48C21.5 64 0 85.5 0 112v36c0 6.6 5.4 12 12 12h424c6.6 0 12-5.4 12-12z\"><\/path><\/svg>\t\t\t\t\t\t\t<\/span>\n\t\t\t\t\t\t\t\t\t<span class=\"elementor-icon-list-text elementor-post-info__item elementor-post-info__item--type-date\">\n\t\t\t\t\t\t\t\t\t\t<time>22\/08\/2025<\/time>\t\t\t\t\t<\/span>\n\t\t\t\t\t\t\t\t<\/li>\n\t\t\t\t<li class=\"elementor-icon-list-item elementor-repeater-item-88d13a1 elementor-inline-item\" itemprop=\"about\">\n\t\t\t\t\t\t\t\t\t\t<span class=\"elementor-icon-list-icon\">\n\t\t\t\t\t\t\t\t<svg aria-hidden=\"true\" class=\"e-font-icon-svg e-fas-tags\" viewBox=\"0 0 640 512\" xmlns=\"http:\/\/www.w3.org\/2000\/svg\"><path d=\"M497.941 225.941L286.059 14.059A48 48 0 0 0 252.118 0H48C21.49 0 0 21.49 0 48v204.118a48 48 0 0 0 14.059 33.941l211.882 211.882c18.744 18.745 49.136 18.746 67.882 0l204.118-204.118c18.745-18.745 18.745-49.137 0-67.882zM112 160c-26.51 0-48-21.49-48-48s21.49-48 48-48 48 21.49 48 48-21.49 48-48 48zm513.941 133.823L421.823 497.941c-18.745 18.745-49.137 18.745-67.882 0l-.36-.36L527.64 323.522c16.999-16.999 26.36-39.6 26.36-63.64s-9.362-46.641-26.36-63.64L331.397 0h48.721a48 48 0 0 1 33.941 14.059l211.882 211.882c18.745 18.745 18.745 49.137 0 67.882z\"><\/path><\/svg>\t\t\t\t\t\t\t<\/span>\n\t\t\t\t\t\t\t\t\t<span class=\"elementor-icon-list-text elementor-post-info__item elementor-post-info__item--type-terms\">\n\t\t\t\t\t\t\t\t\t\t<span class=\"elementor-post-info__terms-list\">\n\t\t\t\t<a href=\"https:\/\/saera.eu\/fr\/tag\/amblyopie\/\" class=\"elementor-post-info__terms-list-item\">Amblyopie<\/a>, <a href=\"https:\/\/saera.eu\/fr\/tag\/optometrie\/\" class=\"elementor-post-info__terms-list-item\">Optom\u00e9trie<\/a>\t\t\t\t<\/span>\n\t\t\t\t\t<\/span>\n\t\t\t\t\t\t\t\t<\/li>\n\t\t\t\t<\/ul>\n\t\t\t\t<\/div>\n\t\t\t\t<\/div>\n\t\t\t\t<div class=\"elementor-element elementor-element-5dd6f5d4 elementor-widget elementor-widget-text-editor\" data-id=\"5dd6f5d4\" data-element_type=\"widget\" data-widget_type=\"text-editor.default\">\n\t\t\t\t<div class=\"elementor-widget-container\">\n\t\t\t\t\t\t\t<h3><!-- wp:paragraph {\"align\":\"right\"} --><\/h3>\n<p class=\"has-text-align-right\">Par <strong>Attigan Kokou, <\/strong>\u00e9tudiant du <a href=\"https:\/\/saera.eu\/fr\/master-optometrie-clinique-et-therapie-visuelle\/\">Master en Optom\u00e9trie Clinique et T\u00e9rapie Visuelle<\/a><\/p>\n<p><!-- \/wp:paragraph --><!-- wp:paragraph --><\/p>\n<h3><strong>R\u00e9sum\u00e9<\/strong><\/h3>\n<p><!-- \/wp:paragraph --><!-- wp:paragraph --><\/p>\n<p style=\"text-align: justify;\">Nous avons conduit une \u00e9tude de 6 mois au Service d\u2019Ophtalmologie de la Polyclinique Pasteur de Bamako pour \u00e9valuer l\u2019efficacit\u00e9 des m\u00e9thodes traditionnelles (patching\/occlusion) et des nouvelles approches technologiques (jeux vid\u00e9o th\u00e9rapeutiques) dans le traitement de l\u2019amblyopie chez les enfants de moins de 15 ans. Le groupe T\u00e9moin, utilisant les m\u00e9thodes traditionnelles, comprenait 27 enfants, tandis que le groupe Cas, utilisant les nouvelles approches, comprenait 25 enfants. Les r\u00e9sultats montrent que les nouvelles approches sont plus efficaces, avec une am\u00e9lioration de l\u2019acuit\u00e9 visuelle plus rapide et plus marqu\u00e9e (acuit\u00e9 visuelle moyenne passant de 5,4 \u00e0 9,44 pour l\u2019\u0153il droit en 6 mois) par rapport aux m\u00e9thodes traditionnelles(acuit\u00e9 visuelle moyenne passant de 4,26 \u00e0 5,07 pour l\u2019\u0153il droit). La compliance au traitement \u00e9tait de 100% dans le groupe des nouvelles approches, contre 63% dans le groupe des m\u00e9thodes traditionnelles, en raison de la dur\u00e9e de traitement plus courte (moins de 60 min\/jour) avec les nouvelles approches. Les nouvelles m\u00e9thodes ont \u00e9galement montr\u00e9 une r\u00e9duction plus rapide des signes cliniques de l\u2019amblyopie, comme le strabisme et la vision floue. Les facteurs psychosociaux, familiaux et individuels ont \u00e9galement jou\u00e9 un r\u00f4le dans la compliance au traitement, les familles plus instruites et \u00e0 revenu plus \u00e9lev\u00e9 \u00e9tant plus enclines \u00e0 opter pour les nouvelles approches. En conclusion, les nouvelles approches technologiques montrent une efficacit\u00e9 sup\u00e9rieure et une meilleure compliance, sugg\u00e9rant qu\u2019elles peuvent \u00eatre une alternative prometteuse aux m\u00e9thodes traditionnelles pour le traitement de l\u2019amblyopie<\/p>\n<p style=\"text-align: justify;\"><strong>Mots-cl\u00e9s<\/strong> : <em>Amblyopie, M\u00e9thodes traditionnelles, Nouvelles approches technologiques,<\/em><br \/><em>Compliance au traitement, Patching\/occlusion, Jeux vid\u00e9o th\u00e9rapeutiques.<\/em><\/p>\n<p>            <div class=\"ppv_wrapper ppv_container\" style=\"position: relative;width:100%; height:600px;\">\n                <div class=\"ppv-loading\">PDF Loading&#8230;<\/div>\n                <iframe id=\"s_pdf_frame\" src=\"\/\/docs.google.com\/gview?embedded=true&#038;url=https:\/\/saera.eu\/fr\/wp-content\/uploads\/2025\/08\/Attigan-Kokou-2024.-Optimisation-des-approches-de-traitement-de-lamblyopie-chez-les-enfants-comparaison-des-effets-a-long.pdf\" style=\"float:left; padding:10px;width:100%; height:600px;\" frameborder=\"0\"><\/iframe>\n                            <\/div>\n            \n            <\/p>\n<p><!-- \/wp:paragraph --><!-- wp:shortcode --><\/p>\n<p><!-- \/wp:shortcode --><!-- wp:paragraph --><\/p>\n<p><!-- \/wp:paragraph --><\/p>\t\t\t\t\t\t<\/div>\n\t\t\t\t<\/div>\n\t\t\t\t<div class=\"elementor-element elementor-element-4f845fff elementor-widget elementor-widget-text-editor\" data-id=\"4f845fff\" data-element_type=\"widget\" data-widget_type=\"text-editor.default\">\n\t\t\t\t<div class=\"elementor-widget-container\">\n\t\t\t\t\t\t\t<p style=\"text-align: justify;\">T\u00e9l\u00e9charger le dossier complet sur le lien suivant: <a href=\"https:\/\/saera.eu\/fr\/wp-content\/uploads\/2025\/08\/Attigan-Kokou-2024.-Optimisation-des-approches-de-traitement-de-lamblyopie-chez-les-enfants-comparaison-des-effets-a-long.pdf\">Attigan Kokou (2024).Optimisation des approches de traitement de l&#8217;amblyopie chez les enfants : comparaison des effets \u00e0 long terme des m\u00e9thodes traditionnelles (Patching\/occlusion) et des nouvelles approches.<\/a><\/p>\t\t\t\t\t\t<\/div>\n\t\t\t\t<\/div>\n\t\t\t\t\t<\/div>\n\t\t\t\t<\/div>\n\t\t\t\t<\/div>\n\t\t<div class=\"elementor-element elementor-element-220e6713 e-con-full e-flex e-con e-child\" data-id=\"220e6713\" data-element_type=\"container\">\n\t\t\t\t<div class=\"elementor-element elementor-element-5b1de33d elementor-widget elementor-widget-spacer\" data-id=\"5b1de33d\" data-element_type=\"widget\" data-widget_type=\"spacer.default\">\n\t\t\t\t<div class=\"elementor-widget-container\">\n\t\t\t\t\t<div class=\"elementor-spacer\">\n\t\t\t<div class=\"elementor-spacer-inner\"><\/div>\n\t\t<\/div>\n\t\t\t\t<\/div>\n\t\t\t\t<\/div>\n\t\t\t\t<div class=\"elementor-element elementor-element-27e74767 elementor-widget elementor-widget-wp-widget-text\" data-id=\"27e74767\" data-element_type=\"widget\" data-widget_type=\"wp-widget-text.default\">\n\t\t\t\t<div class=\"elementor-widget-container\">\n\t\t\t<h5>Consultez notre offre de formation<\/h5>\t\t\t<div class=\"textwidget\"><\/div>\n\t\t\t\t<\/div>\n\t\t\t\t<\/div>\n\t\t<div class=\"elementor-element elementor-element-5e764c8a e-grid e-con-boxed e-con e-child\" data-id=\"5e764c8a\" data-element_type=\"container\">\n\t\t\t\t\t<div class=\"e-con-inner\">\n\t\t\t\t<div class=\"elementor-element elementor-element-1da8395b elementor-position-top elementor-widget elementor-widget-image-box\" data-id=\"1da8395b\" data-element_type=\"widget\" data-widget_type=\"image-box.default\">\n\t\t\t\t<div class=\"elementor-widget-container\">\n\t\t\t<div class=\"elementor-image-box-wrapper\"><figure class=\"elementor-image-box-img\"><a href=\"https:\/\/saera.eu\/fr\/audiologie\" tabindex=\"-1\"><img fetchpriority=\"high\" decoding=\"async\" width=\"300\" height=\"300\" src=\"https:\/\/saera.eu\/fr\/wp-content\/uploads\/2024\/08\/oreja_cuadrado-1-300x300.jpg\" class=\"attachment-medium size-medium wp-image-12793\" alt=\"\" srcset=\"https:\/\/saera.eu\/fr\/wp-content\/uploads\/2024\/08\/oreja_cuadrado-1-300x300.jpg 300w, https:\/\/saera.eu\/fr\/wp-content\/uploads\/2024\/08\/oreja_cuadrado-1-150x150.jpg 150w, https:\/\/saera.eu\/fr\/wp-content\/uploads\/2024\/08\/oreja_cuadrado-1-120x120.jpg 120w, https:\/\/saera.eu\/fr\/wp-content\/uploads\/2024\/08\/oreja_cuadrado-1-220x220.jpg 220w, https:\/\/saera.eu\/fr\/wp-content\/uploads\/2024\/08\/oreja_cuadrado-1-390x390.jpg 390w, https:\/\/saera.eu\/fr\/wp-content\/uploads\/2024\/08\/oreja_cuadrado-1.jpg 500w\" sizes=\"(max-width: 300px) 100vw, 300px\" \/><\/a><\/figure><div class=\"elementor-image-box-content\"><h4 class=\"elementor-image-box-title\"><a href=\"https:\/\/saera.eu\/fr\/audiologie\">Audiologie<\/a><\/h4><\/div><\/div>\t\t<\/div>\n\t\t\t\t<\/div>\n\t\t\t\t<div class=\"elementor-element elementor-element-6b7b632 elementor-position-top elementor-widget elementor-widget-image-box\" data-id=\"6b7b632\" data-element_type=\"widget\" data-widget_type=\"image-box.default\">\n\t\t\t\t<div class=\"elementor-widget-container\">\n\t\t\t<div class=\"elementor-image-box-wrapper\"><figure class=\"elementor-image-box-img\"><a href=\"https:\/\/saera.eu\/fr\/logopedie\" tabindex=\"-1\"><img decoding=\"async\" width=\"300\" height=\"300\" src=\"https:\/\/saera.eu\/fr\/wp-content\/uploads\/2024\/08\/Fonoaudiologia-1-300x300.jpg\" class=\"attachment-medium size-medium wp-image-12784\" alt=\"\" srcset=\"https:\/\/saera.eu\/fr\/wp-content\/uploads\/2024\/08\/Fonoaudiologia-1-300x300.jpg 300w, https:\/\/saera.eu\/fr\/wp-content\/uploads\/2024\/08\/Fonoaudiologia-1-150x150.jpg 150w, https:\/\/saera.eu\/fr\/wp-content\/uploads\/2024\/08\/Fonoaudiologia-1-120x120.jpg 120w, https:\/\/saera.eu\/fr\/wp-content\/uploads\/2024\/08\/Fonoaudiologia-1-220x220.jpg 220w, https:\/\/saera.eu\/fr\/wp-content\/uploads\/2024\/08\/Fonoaudiologia-1-390x390.jpg 390w, https:\/\/saera.eu\/fr\/wp-content\/uploads\/2024\/08\/Fonoaudiologia-1.jpg 500w\" sizes=\"(max-width: 300px) 100vw, 300px\" \/><\/a><\/figure><div class=\"elementor-image-box-content\"><h4 class=\"elementor-image-box-title\"><a href=\"https:\/\/saera.eu\/fr\/logopedie\">Logop\u00e9die<\/a><\/h4><\/div><\/div>\t\t<\/div>\n\t\t\t\t<\/div>\n\t\t\t\t<div class=\"elementor-element elementor-element-4c57422 elementor-position-top elementor-widget elementor-widget-image-box\" data-id=\"4c57422\" data-element_type=\"widget\" data-widget_type=\"image-box.default\">\n\t\t\t\t<div class=\"elementor-widget-container\">\n\t\t\t<div class=\"elementor-image-box-wrapper\"><figure class=\"elementor-image-box-img\"><a href=\"https:\/\/saera.eu\/fr\/neurosciences\" tabindex=\"-1\"><img decoding=\"async\" width=\"300\" height=\"300\" src=\"https:\/\/saera.eu\/fr\/wp-content\/uploads\/2024\/08\/cerebro_cuadrado-1-300x300.jpg\" class=\"attachment-medium size-medium wp-image-12788\" alt=\"\" srcset=\"https:\/\/saera.eu\/fr\/wp-content\/uploads\/2024\/08\/cerebro_cuadrado-1-300x300.jpg 300w, https:\/\/saera.eu\/fr\/wp-content\/uploads\/2024\/08\/cerebro_cuadrado-1-150x150.jpg 150w, https:\/\/saera.eu\/fr\/wp-content\/uploads\/2024\/08\/cerebro_cuadrado-1-120x120.jpg 120w, https:\/\/saera.eu\/fr\/wp-content\/uploads\/2024\/08\/cerebro_cuadrado-1-220x220.jpg 220w, https:\/\/saera.eu\/fr\/wp-content\/uploads\/2024\/08\/cerebro_cuadrado-1-390x390.jpg 390w, https:\/\/saera.eu\/fr\/wp-content\/uploads\/2024\/08\/cerebro_cuadrado-1.jpg 500w\" sizes=\"(max-width: 300px) 100vw, 300px\" \/><\/a><\/figure><div class=\"elementor-image-box-content\"><h4 class=\"elementor-image-box-title\"><a href=\"https:\/\/saera.eu\/fr\/neurosciences\">Neurosciences<\/a><\/h4><\/div><\/div>\t\t<\/div>\n\t\t\t\t<\/div>\n\t\t\t\t<div class=\"elementor-element elementor-element-2967568b elementor-position-top elementor-widget elementor-widget-image-box\" data-id=\"2967568b\" data-element_type=\"widget\" data-widget_type=\"image-box.default\">\n\t\t\t\t<div class=\"elementor-widget-container\">\n\t\t\t<div class=\"elementor-image-box-wrapper\"><figure class=\"elementor-image-box-img\"><a href=\"https:\/\/saera.eu\/fr\/optometrie\" tabindex=\"-1\"><img loading=\"lazy\" decoding=\"async\" width=\"300\" height=\"300\" src=\"https:\/\/saera.eu\/fr\/wp-content\/uploads\/2024\/08\/ojo_cuadrado-1-300x300.jpg\" class=\"attachment-medium size-medium wp-image-12786\" alt=\"\" srcset=\"https:\/\/saera.eu\/fr\/wp-content\/uploads\/2024\/08\/ojo_cuadrado-1-300x300.jpg 300w, https:\/\/saera.eu\/fr\/wp-content\/uploads\/2024\/08\/ojo_cuadrado-1-150x150.jpg 150w, https:\/\/saera.eu\/fr\/wp-content\/uploads\/2024\/08\/ojo_cuadrado-1-120x120.jpg 120w, https:\/\/saera.eu\/fr\/wp-content\/uploads\/2024\/08\/ojo_cuadrado-1-220x220.jpg 220w, https:\/\/saera.eu\/fr\/wp-content\/uploads\/2024\/08\/ojo_cuadrado-1-390x390.jpg 390w, https:\/\/saera.eu\/fr\/wp-content\/uploads\/2024\/08\/ojo_cuadrado-1.jpg 500w\" sizes=\"(max-width: 300px) 100vw, 300px\" \/><\/a><\/figure><div class=\"elementor-image-box-content\"><h4 class=\"elementor-image-box-title\"><a href=\"https:\/\/saera.eu\/fr\/optometrie\">Optom\u00e9trie<\/a><\/h4><\/div><\/div>\t\t<\/div>\n\t\t\t\t<\/div>\n\t\t\t\t\t<\/div>\n\t\t\t\t<\/div>\n\t\t\t\t<div class=\"elementor-element elementor-element-410df6d8 elementor-widget elementor-widget-wp-widget-text\" data-id=\"410df6d8\" data-element_type=\"widget\" data-widget_type=\"wp-widget-text.default\">\n\t\t\t\t<div class=\"elementor-widget-container\">\n\t\t\t<h5>Rechercher<\/h5>\t\t\t<div class=\"textwidget\"><\/div>\n\t\t\t\t<\/div>\n\t\t\t\t<\/div>\n\t\t\t\t<div class=\"elementor-element elementor-element-11b5402e elementor-widget elementor-widget-wp-widget-search\" data-id=\"11b5402e\" data-element_type=\"widget\" data-widget_type=\"wp-widget-search.default\">\n\t\t\t\t<div class=\"elementor-widget-container\">\n\t\t\t<form role=\"search\" class=\"bs-search search-form\" method=\"get\" action=\"https:\/\/saera.eu\/fr\/\">\n    <div class=\"search-wrap\">\n    \t<label class=\"screen-reader-text\">\n    \t\tSearch for:    \t<\/label>\n        <input type=\"search\" placeholder=\"Searching...\" name=\"s\" class=\"search-input\" value=\"\" \/>\n        <button type=\"submit\"  value=\"Search\"><i class=\"flaticon-search\"><\/i><\/button>\n    <\/div>\n<\/form>\t\t<\/div>\n\t\t\t\t<\/div>\n\t\t\t\t<div class=\"elementor-element elementor-element-3a5b3f0 elementor-widget elementor-widget-wp-widget-text\" data-id=\"3a5b3f0\" data-element_type=\"widget\" data-widget_type=\"wp-widget-text.default\">\n\t\t\t\t<div class=\"elementor-widget-container\">\n\t\t\t<h5>Derniers Articles<\/h5>\t\t\t<div class=\"textwidget\"><\/div>\n\t\t\t\t<\/div>\n\t\t\t\t<\/div>\n\t\t\t\t<div class=\"elementor-element elementor-element-3a324ddc elementor-widget elementor-widget-rsblog\" data-id=\"3a324ddc\" data-element_type=\"widget\" data-widget_type=\"rsblog.default\">\n\t\t\t\t<div class=\"elementor-widget-container\">\n\t\t\t         \r\n\t\t<div class=\"rs-blog-grid rs-blog-grid2\">            \r\n\t\t\t\r\n            <div class=\"row blog-gird-item\">\r\n                \r\n\t\t\t \t\t\t\t\t\t\r\n\t\t\t\t\t<div class=\"grid-item col-lg-12  filter_optometrie filter_these-de-master \">\r\n\r\n                                                    <div class=\"no-gutter blog-item rs-blog-grid1\">\r\n                                                           \r\n                                <div class=\"image-part\">\r\n                                    <a href=\"https:\/\/saera.eu\/fr\/2025\/11\/19\/impact-de-la-precision-du-calcul-des-lentilles-in\/\">\r\n                                        <img loading=\"lazy\" decoding=\"async\" width=\"1024\" height=\"580\" src=\"https:\/\/saera.eu\/fr\/wp-content\/uploads\/2025\/11\/Photo-Impact-de-la-precision-du-calcul-des-lentilles-intraoculaires--e1763554707966.png\" class=\"attachment-full size-full wp-post-image\" alt=\"\" srcset=\"https:\/\/saera.eu\/fr\/wp-content\/uploads\/2025\/11\/Photo-Impact-de-la-precision-du-calcul-des-lentilles-intraoculaires--e1763554707966.png 1024w, https:\/\/saera.eu\/fr\/wp-content\/uploads\/2025\/11\/Photo-Impact-de-la-precision-du-calcul-des-lentilles-intraoculaires--e1763554707966-300x170.png 300w, https:\/\/saera.eu\/fr\/wp-content\/uploads\/2025\/11\/Photo-Impact-de-la-precision-du-calcul-des-lentilles-intraoculaires--e1763554707966-768x435.png 768w, https:\/\/saera.eu\/fr\/wp-content\/uploads\/2025\/11\/Photo-Impact-de-la-precision-du-calcul-des-lentilles-intraoculaires--e1763554707966-732x415.png 732w\" sizes=\"(max-width: 1024px) 100vw, 1024px\" \/>                                    <\/a> \r\n                                <\/div>                             \r\n                                \r\n                                <div class=\"blog-content\">                                    \r\n                                                                               <ul class=\"blog-meta\">\r\n                                                                                                                                            <li><i class=\"fa fa-calendar-check-o\"><\/i> 19\/11\/2025<\/li>\r\n                                                                                                                                                                                <\/ul>\r\n                                                                                \r\n                                        <h3 class=\"title dd\"><a href=\"https:\/\/saera.eu\/fr\/2025\/11\/19\/impact-de-la-precision-du-calcul-des-lentilles-in\/\">Impact de la pr\u00e9cision du calcul des lentilles intraoculaires chez les sujets op\u00e9r\u00e9s de cataracte<\/a><\/h3>\r\n                                                                                <div class=\"btn-btm d-flex align-items-center justify-content-between\">\r\n                                                                                                                                        <div class=\"btn-part\">\r\n                                                    <a class=\"readon-arrow\" href=\"https:\/\/saera.eu\/fr\/2025\/11\/19\/impact-de-la-precision-du-calcul-des-lentilles-in\/\">\r\n                                                        Lire la suite <i class=\"fa fa fa-angle-right\"><\/i>\r\n                                                    <\/a>\r\n                                                <\/div>\r\n                                                                                    <\/div>\r\n\r\n                                <\/div>                                \r\n                            \r\n                            <\/div>\r\n                                                    \r\n                    <\/div>\r\n\t\t\t\t\t\t\t\t\t\t\r\n\t\t\t\t\t<div class=\"grid-item col-lg-12  filter_optometrie filter_these-de-master \">\r\n\r\n                                                    <div class=\"no-gutter blog-item rs-blog-grid1\">\r\n                                                           \r\n                                <div class=\"image-part\">\r\n                                    <a href=\"https:\/\/saera.eu\/fr\/2025\/08\/22\/optimisation-des-approde-traitement-de-lamblyopie-chez-les-enfants\/\">\r\n                                        <img loading=\"lazy\" decoding=\"async\" width=\"1024\" height=\"577\" src=\"https:\/\/saera.eu\/fr\/wp-content\/uploads\/2025\/08\/Diseno-sin-titulo-e1762257952815.png\" class=\"attachment-full size-full wp-post-image\" alt=\"\" srcset=\"https:\/\/saera.eu\/fr\/wp-content\/uploads\/2025\/08\/Diseno-sin-titulo-e1762257952815.png 1024w, https:\/\/saera.eu\/fr\/wp-content\/uploads\/2025\/08\/Diseno-sin-titulo-e1762257952815-300x169.png 300w, https:\/\/saera.eu\/fr\/wp-content\/uploads\/2025\/08\/Diseno-sin-titulo-e1762257952815-768x433.png 768w\" sizes=\"(max-width: 1024px) 100vw, 1024px\" \/>                                    <\/a> \r\n                                <\/div>                             \r\n                                \r\n                                <div class=\"blog-content\">                                    \r\n                                                                               <ul class=\"blog-meta\">\r\n                                                                                                                                            <li><i class=\"fa fa-calendar-check-o\"><\/i> 22\/08\/2025<\/li>\r\n                                                                                                                                                                                <\/ul>\r\n                                                                                \r\n                                        <h3 class=\"title dd\"><a href=\"https:\/\/saera.eu\/fr\/2025\/08\/22\/optimisation-des-approde-traitement-de-lamblyopie-chez-les-enfants\/\">Optimisation des approches de traitement de l&#8217;amblyopie chez les enfants<\/a><\/h3>\r\n                                                                                <div class=\"btn-btm d-flex align-items-center justify-content-between\">\r\n                                                                                                                                        <div class=\"btn-part\">\r\n                                                    <a class=\"readon-arrow\" href=\"https:\/\/saera.eu\/fr\/2025\/08\/22\/optimisation-des-approde-traitement-de-lamblyopie-chez-les-enfants\/\">\r\n                                                        Lire la suite <i class=\"fa fa fa-angle-right\"><\/i>\r\n                                                    <\/a>\r\n                                                <\/div>\r\n                                                                                    <\/div>\r\n\r\n                                <\/div>                                \r\n                            \r\n                            <\/div>\r\n                                                    \r\n                    <\/div>\r\n\t\t\t\t\t                 \r\n                         \r\n                <\/div>   \r\n                               \r\n            \t    \r\n                              \r\n\t\t<\/div>\r\n\t   \t\t<\/div>\n\t\t\t\t<\/div>\n\t\t\t\t<\/div>\n\t\t\t\t\t<\/div>\n\t\t\t\t<\/div>\n\t\t\t\t<\/div>\n\t\t","protected":false},"excerpt":{"rendered":"<p>Nous avons conduit une \u00e9tude de 6 mois au Service d\u2019Ophtalmologie de la Polyclinique Pasteur de Bamako pour \u00e9valuer l\u2019efficacit\u00e9 des m\u00e9thodes traditionnelles (patching\/occlusion) et des<br \/>\nnouvelles approches technologiques (jeux vid\u00e9o th\u00e9rapeutiques) dans le traitement de l\u2019amblyopie chez les enfants de moins de 15 ans.<\/p>\n","protected":false},"author":1,"featured_media":16623,"comment_status":"open","ping_status":"open","sticky":false,"template":"","format":"standard","meta":{"footnotes":""},"categories":[98,101],"tags":[140,105],"class_list":["post-16622","post","type-post","status-publish","format-standard","has-post-thumbnail","hentry","category-optometrie","category-these-de-master","tag-amblyopie","tag-optometrie"],"yoast_head":"<!-- This site is optimized with the Yoast SEO plugin v27.4 - https:\/\/yoast.com\/product\/yoast-seo-wordpress\/ -->\n<title>Optimisation de traitement de l&#039;amblyopie chez les enfants<\/title>\n<meta name=\"description\" content=\"L&#039;optimisation de traitement de l&#039;amblyopie montrent une efficacit\u00e9 sup\u00e9rieure et une meilleure compliance.\" \/>\n<meta name=\"robots\" content=\"index, follow, max-snippet:-1, max-image-preview:large, max-video-preview:-1\" \/>\n<link rel=\"canonical\" href=\"https:\/\/saera.eu\/fr\/2025\/08\/22\/optimisation-des-approde-traitement-de-lamblyopie-chez-les-enfants\/\" \/>\n<meta property=\"og:locale\" content=\"fr_FR\" \/>\n<meta property=\"og:type\" content=\"article\" \/>\n<meta property=\"og:title\" content=\"Optimisation de traitement de l&#039;amblyopie chez les enfants\" \/>\n<meta property=\"og:description\" content=\"L&#039;optimisation de traitement de l&#039;amblyopie montrent une efficacit\u00e9 sup\u00e9rieure et une meilleure compliance.\" \/>\n<meta property=\"og:url\" content=\"https:\/\/saera.eu\/fr\/2025\/08\/22\/optimisation-des-approde-traitement-de-lamblyopie-chez-les-enfants\/\" \/>\n<meta property=\"og:site_name\" content=\"Saera FR\" \/>\n<meta property=\"article:published_time\" content=\"2025-08-22T08:39:43+00:00\" \/>\n<meta property=\"article:modified_time\" content=\"2025-11-25T09:01:05+00:00\" \/>\n<meta property=\"og:image\" content=\"https:\/\/saera.eu\/fr\/wp-content\/uploads\/2025\/08\/Diseno-sin-titulo-e1762257952815.png\" \/>\n\t<meta property=\"og:image:width\" content=\"1024\" \/>\n\t<meta property=\"og:image:height\" content=\"577\" \/>\n\t<meta property=\"og:image:type\" content=\"image\/png\" \/>\n<meta name=\"author\" content=\"saeraadmin\" \/>\n<meta name=\"twitter:card\" content=\"summary_large_image\" \/>\n<meta name=\"twitter:label1\" content=\"\u00c9crit par\" \/>\n\t<meta name=\"twitter:data1\" content=\"saeraadmin\" \/>\n\t<meta name=\"twitter:label2\" content=\"Dur\u00e9e de lecture estim\u00e9e\" \/>\n\t<meta name=\"twitter:data2\" content=\"4 minutes\" \/>\n<script type=\"application\/ld+json\" class=\"yoast-schema-graph\">{\"@context\":\"https:\\\/\\\/schema.org\",\"@graph\":[{\"@type\":\"Article\",\"@id\":\"https:\\\/\\\/saera.eu\\\/fr\\\/2025\\\/08\\\/22\\\/optimisation-des-approde-traitement-de-lamblyopie-chez-les-enfants\\\/#article\",\"isPartOf\":{\"@id\":\"https:\\\/\\\/saera.eu\\\/fr\\\/2025\\\/08\\\/22\\\/optimisation-des-approde-traitement-de-lamblyopie-chez-les-enfants\\\/\"},\"author\":{\"name\":\"saeraadmin\",\"@id\":\"https:\\\/\\\/saera.eu\\\/fr\\\/#\\\/schema\\\/person\\\/c0039ce790a2e525c401d362dd7dd328\"},\"headline\":\"Optimisation des approches de traitement de l&#8217;amblyopie chez les enfants\",\"datePublished\":\"2025-08-22T08:39:43+00:00\",\"dateModified\":\"2025-11-25T09:01:05+00:00\",\"mainEntityOfPage\":{\"@id\":\"https:\\\/\\\/saera.eu\\\/fr\\\/2025\\\/08\\\/22\\\/optimisation-des-approde-traitement-de-lamblyopie-chez-les-enfants\\\/\"},\"wordCount\":382,\"commentCount\":0,\"image\":{\"@id\":\"https:\\\/\\\/saera.eu\\\/fr\\\/2025\\\/08\\\/22\\\/optimisation-des-approde-traitement-de-lamblyopie-chez-les-enfants\\\/#primaryimage\"},\"thumbnailUrl\":\"https:\\\/\\\/saera.eu\\\/fr\\\/wp-content\\\/uploads\\\/2025\\\/08\\\/Diseno-sin-titulo-e1762257952815.png\",\"keywords\":[\"Amblyopie\",\"Optom\u00e9trie\"],\"articleSection\":[\"Optom\u00e9trie\",\"Th\u00e8se de Master\"],\"inLanguage\":\"fr-FR\",\"potentialAction\":[{\"@type\":\"CommentAction\",\"name\":\"Comment\",\"target\":[\"https:\\\/\\\/saera.eu\\\/fr\\\/2025\\\/08\\\/22\\\/optimisation-des-approde-traitement-de-lamblyopie-chez-les-enfants\\\/#respond\"]}]},{\"@type\":\"WebPage\",\"@id\":\"https:\\\/\\\/saera.eu\\\/fr\\\/2025\\\/08\\\/22\\\/optimisation-des-approde-traitement-de-lamblyopie-chez-les-enfants\\\/\",\"url\":\"https:\\\/\\\/saera.eu\\\/fr\\\/2025\\\/08\\\/22\\\/optimisation-des-approde-traitement-de-lamblyopie-chez-les-enfants\\\/\",\"name\":\"Optimisation de traitement de l'amblyopie chez les enfants\",\"isPartOf\":{\"@id\":\"https:\\\/\\\/saera.eu\\\/fr\\\/#website\"},\"primaryImageOfPage\":{\"@id\":\"https:\\\/\\\/saera.eu\\\/fr\\\/2025\\\/08\\\/22\\\/optimisation-des-approde-traitement-de-lamblyopie-chez-les-enfants\\\/#primaryimage\"},\"image\":{\"@id\":\"https:\\\/\\\/saera.eu\\\/fr\\\/2025\\\/08\\\/22\\\/optimisation-des-approde-traitement-de-lamblyopie-chez-les-enfants\\\/#primaryimage\"},\"thumbnailUrl\":\"https:\\\/\\\/saera.eu\\\/fr\\\/wp-content\\\/uploads\\\/2025\\\/08\\\/Diseno-sin-titulo-e1762257952815.png\",\"datePublished\":\"2025-08-22T08:39:43+00:00\",\"dateModified\":\"2025-11-25T09:01:05+00:00\",\"author\":{\"@id\":\"https:\\\/\\\/saera.eu\\\/fr\\\/#\\\/schema\\\/person\\\/c0039ce790a2e525c401d362dd7dd328\"},\"description\":\"L'optimisation de traitement de l'amblyopie montrent une efficacit\u00e9 sup\u00e9rieure et une meilleure compliance.\",\"breadcrumb\":{\"@id\":\"https:\\\/\\\/saera.eu\\\/fr\\\/2025\\\/08\\\/22\\\/optimisation-des-approde-traitement-de-lamblyopie-chez-les-enfants\\\/#breadcrumb\"},\"inLanguage\":\"fr-FR\",\"potentialAction\":[{\"@type\":\"ReadAction\",\"target\":[\"https:\\\/\\\/saera.eu\\\/fr\\\/2025\\\/08\\\/22\\\/optimisation-des-approde-traitement-de-lamblyopie-chez-les-enfants\\\/\"]}]},{\"@type\":\"ImageObject\",\"inLanguage\":\"fr-FR\",\"@id\":\"https:\\\/\\\/saera.eu\\\/fr\\\/2025\\\/08\\\/22\\\/optimisation-des-approde-traitement-de-lamblyopie-chez-les-enfants\\\/#primaryimage\",\"url\":\"https:\\\/\\\/saera.eu\\\/fr\\\/wp-content\\\/uploads\\\/2025\\\/08\\\/Diseno-sin-titulo-e1762257952815.png\",\"contentUrl\":\"https:\\\/\\\/saera.eu\\\/fr\\\/wp-content\\\/uploads\\\/2025\\\/08\\\/Diseno-sin-titulo-e1762257952815.png\",\"width\":1024,\"height\":577},{\"@type\":\"BreadcrumbList\",\"@id\":\"https:\\\/\\\/saera.eu\\\/fr\\\/2025\\\/08\\\/22\\\/optimisation-des-approde-traitement-de-lamblyopie-chez-les-enfants\\\/#breadcrumb\",\"itemListElement\":[{\"@type\":\"ListItem\",\"position\":1,\"name\":\"Portada\",\"item\":\"https:\\\/\\\/saera.eu\\\/fr\\\/\"},{\"@type\":\"ListItem\",\"position\":2,\"name\":\"Optimisation des approches de traitement de l&#8217;amblyopie chez les enfants\"}]},{\"@type\":\"WebSite\",\"@id\":\"https:\\\/\\\/saera.eu\\\/fr\\\/#website\",\"url\":\"https:\\\/\\\/saera.eu\\\/fr\\\/\",\"name\":\"Saera FR\",\"description\":\"\u00c9cole Sup\u00e9rieure de Formation\",\"potentialAction\":[{\"@type\":\"SearchAction\",\"target\":{\"@type\":\"EntryPoint\",\"urlTemplate\":\"https:\\\/\\\/saera.eu\\\/fr\\\/?s={search_term_string}\"},\"query-input\":{\"@type\":\"PropertyValueSpecification\",\"valueRequired\":true,\"valueName\":\"search_term_string\"}}],\"inLanguage\":\"fr-FR\"},{\"@type\":\"Person\",\"@id\":\"https:\\\/\\\/saera.eu\\\/fr\\\/#\\\/schema\\\/person\\\/c0039ce790a2e525c401d362dd7dd328\",\"name\":\"saeraadmin\",\"image\":{\"@type\":\"ImageObject\",\"inLanguage\":\"fr-FR\",\"@id\":\"https:\\\/\\\/secure.gravatar.com\\\/avatar\\\/2d4b38e83084153690919ac76077c0f9908d0b73d79a6b7b331cce93a9e58610?s=96&d=mm&r=g\",\"url\":\"https:\\\/\\\/secure.gravatar.com\\\/avatar\\\/2d4b38e83084153690919ac76077c0f9908d0b73d79a6b7b331cce93a9e58610?s=96&d=mm&r=g\",\"contentUrl\":\"https:\\\/\\\/secure.gravatar.com\\\/avatar\\\/2d4b38e83084153690919ac76077c0f9908d0b73d79a6b7b331cce93a9e58610?s=96&d=mm&r=g\",\"caption\":\"saeraadmin\"},\"sameAs\":[\"https:\\\/\\\/saera.eu\\\/fr\"],\"url\":\"https:\\\/\\\/saera.eu\\\/fr\\\/author\\\/saeraadmin\\\/\"}]}<\/script>\n<!-- \/ Yoast SEO plugin. -->","yoast_head_json":{"title":"Optimisation de traitement de l'amblyopie chez les enfants","description":"L'optimisation de traitement de l'amblyopie montrent une efficacit\u00e9 sup\u00e9rieure et une meilleure compliance.","robots":{"index":"index","follow":"follow","max-snippet":"max-snippet:-1","max-image-preview":"max-image-preview:large","max-video-preview":"max-video-preview:-1"},"canonical":"https:\/\/saera.eu\/fr\/2025\/08\/22\/optimisation-des-approde-traitement-de-lamblyopie-chez-les-enfants\/","og_locale":"fr_FR","og_type":"article","og_title":"Optimisation de traitement de l'amblyopie chez les enfants","og_description":"L'optimisation de traitement de l'amblyopie montrent une efficacit\u00e9 sup\u00e9rieure et une meilleure compliance.","og_url":"https:\/\/saera.eu\/fr\/2025\/08\/22\/optimisation-des-approde-traitement-de-lamblyopie-chez-les-enfants\/","og_site_name":"Saera FR","article_published_time":"2025-08-22T08:39:43+00:00","article_modified_time":"2025-11-25T09:01:05+00:00","og_image":[{"width":1024,"height":577,"url":"https:\/\/saera.eu\/fr\/wp-content\/uploads\/2025\/08\/Diseno-sin-titulo-e1762257952815.png","type":"image\/png"}],"author":"saeraadmin","twitter_card":"summary_large_image","twitter_misc":{"\u00c9crit par":"saeraadmin","Dur\u00e9e de lecture estim\u00e9e":"4 minutes"},"schema":{"@context":"https:\/\/schema.org","@graph":[{"@type":"Article","@id":"https:\/\/saera.eu\/fr\/2025\/08\/22\/optimisation-des-approde-traitement-de-lamblyopie-chez-les-enfants\/#article","isPartOf":{"@id":"https:\/\/saera.eu\/fr\/2025\/08\/22\/optimisation-des-approde-traitement-de-lamblyopie-chez-les-enfants\/"},"author":{"name":"saeraadmin","@id":"https:\/\/saera.eu\/fr\/#\/schema\/person\/c0039ce790a2e525c401d362dd7dd328"},"headline":"Optimisation des approches de traitement de l&#8217;amblyopie chez les enfants","datePublished":"2025-08-22T08:39:43+00:00","dateModified":"2025-11-25T09:01:05+00:00","mainEntityOfPage":{"@id":"https:\/\/saera.eu\/fr\/2025\/08\/22\/optimisation-des-approde-traitement-de-lamblyopie-chez-les-enfants\/"},"wordCount":382,"commentCount":0,"image":{"@id":"https:\/\/saera.eu\/fr\/2025\/08\/22\/optimisation-des-approde-traitement-de-lamblyopie-chez-les-enfants\/#primaryimage"},"thumbnailUrl":"https:\/\/saera.eu\/fr\/wp-content\/uploads\/2025\/08\/Diseno-sin-titulo-e1762257952815.png","keywords":["Amblyopie","Optom\u00e9trie"],"articleSection":["Optom\u00e9trie","Th\u00e8se de Master"],"inLanguage":"fr-FR","potentialAction":[{"@type":"CommentAction","name":"Comment","target":["https:\/\/saera.eu\/fr\/2025\/08\/22\/optimisation-des-approde-traitement-de-lamblyopie-chez-les-enfants\/#respond"]}]},{"@type":"WebPage","@id":"https:\/\/saera.eu\/fr\/2025\/08\/22\/optimisation-des-approde-traitement-de-lamblyopie-chez-les-enfants\/","url":"https:\/\/saera.eu\/fr\/2025\/08\/22\/optimisation-des-approde-traitement-de-lamblyopie-chez-les-enfants\/","name":"Optimisation de traitement de l'amblyopie chez les enfants","isPartOf":{"@id":"https:\/\/saera.eu\/fr\/#website"},"primaryImageOfPage":{"@id":"https:\/\/saera.eu\/fr\/2025\/08\/22\/optimisation-des-approde-traitement-de-lamblyopie-chez-les-enfants\/#primaryimage"},"image":{"@id":"https:\/\/saera.eu\/fr\/2025\/08\/22\/optimisation-des-approde-traitement-de-lamblyopie-chez-les-enfants\/#primaryimage"},"thumbnailUrl":"https:\/\/saera.eu\/fr\/wp-content\/uploads\/2025\/08\/Diseno-sin-titulo-e1762257952815.png","datePublished":"2025-08-22T08:39:43+00:00","dateModified":"2025-11-25T09:01:05+00:00","author":{"@id":"https:\/\/saera.eu\/fr\/#\/schema\/person\/c0039ce790a2e525c401d362dd7dd328"},"description":"L'optimisation de traitement de l'amblyopie montrent une efficacit\u00e9 sup\u00e9rieure et une meilleure compliance.","breadcrumb":{"@id":"https:\/\/saera.eu\/fr\/2025\/08\/22\/optimisation-des-approde-traitement-de-lamblyopie-chez-les-enfants\/#breadcrumb"},"inLanguage":"fr-FR","potentialAction":[{"@type":"ReadAction","target":["https:\/\/saera.eu\/fr\/2025\/08\/22\/optimisation-des-approde-traitement-de-lamblyopie-chez-les-enfants\/"]}]},{"@type":"ImageObject","inLanguage":"fr-FR","@id":"https:\/\/saera.eu\/fr\/2025\/08\/22\/optimisation-des-approde-traitement-de-lamblyopie-chez-les-enfants\/#primaryimage","url":"https:\/\/saera.eu\/fr\/wp-content\/uploads\/2025\/08\/Diseno-sin-titulo-e1762257952815.png","contentUrl":"https:\/\/saera.eu\/fr\/wp-content\/uploads\/2025\/08\/Diseno-sin-titulo-e1762257952815.png","width":1024,"height":577},{"@type":"BreadcrumbList","@id":"https:\/\/saera.eu\/fr\/2025\/08\/22\/optimisation-des-approde-traitement-de-lamblyopie-chez-les-enfants\/#breadcrumb","itemListElement":[{"@type":"ListItem","position":1,"name":"Portada","item":"https:\/\/saera.eu\/fr\/"},{"@type":"ListItem","position":2,"name":"Optimisation des approches de traitement de l&#8217;amblyopie chez les enfants"}]},{"@type":"WebSite","@id":"https:\/\/saera.eu\/fr\/#website","url":"https:\/\/saera.eu\/fr\/","name":"Saera FR","description":"\u00c9cole Sup\u00e9rieure de Formation","potentialAction":[{"@type":"SearchAction","target":{"@type":"EntryPoint","urlTemplate":"https:\/\/saera.eu\/fr\/?s={search_term_string}"},"query-input":{"@type":"PropertyValueSpecification","valueRequired":true,"valueName":"search_term_string"}}],"inLanguage":"fr-FR"},{"@type":"Person","@id":"https:\/\/saera.eu\/fr\/#\/schema\/person\/c0039ce790a2e525c401d362dd7dd328","name":"saeraadmin","image":{"@type":"ImageObject","inLanguage":"fr-FR","@id":"https:\/\/secure.gravatar.com\/avatar\/2d4b38e83084153690919ac76077c0f9908d0b73d79a6b7b331cce93a9e58610?s=96&d=mm&r=g","url":"https:\/\/secure.gravatar.com\/avatar\/2d4b38e83084153690919ac76077c0f9908d0b73d79a6b7b331cce93a9e58610?s=96&d=mm&r=g","contentUrl":"https:\/\/secure.gravatar.com\/avatar\/2d4b38e83084153690919ac76077c0f9908d0b73d79a6b7b331cce93a9e58610?s=96&d=mm&r=g","caption":"saeraadmin"},"sameAs":["https:\/\/saera.eu\/fr"],"url":"https:\/\/saera.eu\/fr\/author\/saeraadmin\/"}]}},"_links":{"self":[{"href":"https:\/\/saera.eu\/fr\/wp-json\/wp\/v2\/posts\/16622","targetHints":{"allow":["GET"]}}],"collection":[{"href":"https:\/\/saera.eu\/fr\/wp-json\/wp\/v2\/posts"}],"about":[{"href":"https:\/\/saera.eu\/fr\/wp-json\/wp\/v2\/types\/post"}],"author":[{"embeddable":true,"href":"https:\/\/saera.eu\/fr\/wp-json\/wp\/v2\/users\/1"}],"replies":[{"embeddable":true,"href":"https:\/\/saera.eu\/fr\/wp-json\/wp\/v2\/comments?post=16622"}],"version-history":[{"count":55,"href":"https:\/\/saera.eu\/fr\/wp-json\/wp\/v2\/posts\/16622\/revisions"}],"predecessor-version":[{"id":17489,"href":"https:\/\/saera.eu\/fr\/wp-json\/wp\/v2\/posts\/16622\/revisions\/17489"}],"wp:featuredmedia":[{"embeddable":true,"href":"https:\/\/saera.eu\/fr\/wp-json\/wp\/v2\/media\/16623"}],"wp:attachment":[{"href":"https:\/\/saera.eu\/fr\/wp-json\/wp\/v2\/media?parent=16622"}],"wp:term":[{"taxonomy":"category","embeddable":true,"href":"https:\/\/saera.eu\/fr\/wp-json\/wp\/v2\/categories?post=16622"},{"taxonomy":"post_tag","embeddable":true,"href":"https:\/\/saera.eu\/fr\/wp-json\/wp\/v2\/tags?post=16622"}],"curies":[{"name":"wp","href":"https:\/\/api.w.org\/{rel}","templated":true}]}}