{"id":16483,"date":"2025-05-27T12:06:03","date_gmt":"2025-05-27T10:06:03","guid":{"rendered":"https:\/\/saera.eu\/fr\/?p=16483"},"modified":"2025-05-27T12:52:00","modified_gmt":"2025-05-27T10:52:00","slug":"levolution-des-traitements-du-syndrome-de-loeil-sec-integration-des-nouvelles-therapies-dans-la-pratique-clinique","status":"publish","type":"post","link":"https:\/\/saera.eu\/fr\/2025\/05\/27\/levolution-des-traitements-du-syndrome-de-loeil-sec-integration-des-nouvelles-therapies-dans-la-pratique-clinique\/","title":{"rendered":"L&#8217;\u00e9volution des traitements du syndrome de l&#8217;\u0153il sec: Int\u00e9gration des nouvelles th\u00e9rapies dans la pratique Clinique"},"content":{"rendered":"\t\t<div data-elementor-type=\"wp-post\" data-elementor-id=\"16483\" class=\"elementor elementor-16483\" data-elementor-post-type=\"post\">\n\t\t\t\t<div class=\"elementor-element elementor-element-a0f26b6 e-flex e-con-boxed e-con e-parent\" data-id=\"a0f26b6\" data-element_type=\"container\">\n\t\t\t\t\t<div class=\"e-con-inner\">\n\t\t<div class=\"elementor-element elementor-element-69fe87c6 e-con-full e-flex e-con e-child\" data-id=\"69fe87c6\" data-element_type=\"container\">\n\t\t<div class=\"elementor-element elementor-element-27e335d0 e-flex e-con-boxed e-con e-child\" data-id=\"27e335d0\" data-element_type=\"container\">\n\t\t\t\t\t<div class=\"e-con-inner\">\n\t\t\t\t<div class=\"elementor-element elementor-element-64bade47 elementor-widget elementor-widget-spacer\" data-id=\"64bade47\" data-element_type=\"widget\" data-widget_type=\"spacer.default\">\n\t\t\t\t<div class=\"elementor-widget-container\">\n\t\t\t\t\t<div class=\"elementor-spacer\">\n\t\t\t<div class=\"elementor-spacer-inner\"><\/div>\n\t\t<\/div>\n\t\t\t\t<\/div>\n\t\t\t\t<\/div>\n\t\t\t\t<div class=\"elementor-element elementor-element-342c923e elementor-widget elementor-widget-text-editor\" data-id=\"342c923e\" data-element_type=\"widget\" data-widget_type=\"text-editor.default\">\n\t\t\t\t<div class=\"elementor-widget-container\">\n\t\t\t\t\t\t\t<h2 class=\"title title-l title-post-single\"><span style=\"color: #000066;\">L&#8217;\u00e9volution des traitements du syndrome de l&#8217;\u0153il sec: Int\u00e9gration des nouvelles th\u00e9rapies dans la pratique Clinique<\/span><\/h2>\t\t\t\t\t\t<\/div>\n\t\t\t\t<\/div>\n\t\t\t\t<div class=\"elementor-element elementor-element-3fb5d797 elementor-align-right elementor-widget elementor-widget-post-info\" data-id=\"3fb5d797\" data-element_type=\"widget\" data-widget_type=\"post-info.default\">\n\t\t\t\t<div class=\"elementor-widget-container\">\n\t\t\t\t\t<ul class=\"elementor-inline-items elementor-icon-list-items elementor-post-info\">\n\t\t\t\t\t\t\t\t<li class=\"elementor-icon-list-item elementor-repeater-item-f8edb24 elementor-inline-item\" itemprop=\"datePublished\">\n\t\t\t\t\t\t<a href=\"https:\/\/saera.eu\/fr\/2025\/05\/27\/\">\n\t\t\t\t\t\t\t\t\t\t\t<span class=\"elementor-icon-list-icon\">\n\t\t\t\t\t\t\t\t<svg aria-hidden=\"true\" class=\"e-font-icon-svg e-fas-calendar\" viewBox=\"0 0 448 512\" xmlns=\"http:\/\/www.w3.org\/2000\/svg\"><path d=\"M12 192h424c6.6 0 12 5.4 12 12v260c0 26.5-21.5 48-48 48H48c-26.5 0-48-21.5-48-48V204c0-6.6 5.4-12 12-12zm436-44v-36c0-26.5-21.5-48-48-48h-48V12c0-6.6-5.4-12-12-12h-40c-6.6 0-12 5.4-12 12v52H160V12c0-6.6-5.4-12-12-12h-40c-6.6 0-12 5.4-12 12v52H48C21.5 64 0 85.5 0 112v36c0 6.6 5.4 12 12 12h424c6.6 0 12-5.4 12-12z\"><\/path><\/svg>\t\t\t\t\t\t\t<\/span>\n\t\t\t\t\t\t\t\t\t<span class=\"elementor-icon-list-text elementor-post-info__item elementor-post-info__item--type-date\">\n\t\t\t\t\t\t\t\t\t\t<time>27\/05\/2025<\/time>\t\t\t\t\t<\/span>\n\t\t\t\t\t\t\t\t\t<\/a>\n\t\t\t\t<\/li>\n\t\t\t\t<li class=\"elementor-icon-list-item elementor-repeater-item-88d13a1 elementor-inline-item\" itemprop=\"about\">\n\t\t\t\t\t\t\t\t\t\t<span class=\"elementor-icon-list-icon\">\n\t\t\t\t\t\t\t\t<svg aria-hidden=\"true\" class=\"e-font-icon-svg e-fas-tags\" viewBox=\"0 0 640 512\" xmlns=\"http:\/\/www.w3.org\/2000\/svg\"><path d=\"M497.941 225.941L286.059 14.059A48 48 0 0 0 252.118 0H48C21.49 0 0 21.49 0 48v204.118a48 48 0 0 0 14.059 33.941l211.882 211.882c18.744 18.745 49.136 18.746 67.882 0l204.118-204.118c18.745-18.745 18.745-49.137 0-67.882zM112 160c-26.51 0-48-21.49-48-48s21.49-48 48-48 48 21.49 48 48-21.49 48-48 48zm513.941 133.823L421.823 497.941c-18.745 18.745-49.137 18.745-67.882 0l-.36-.36L527.64 323.522c16.999-16.999 26.36-39.6 26.36-63.64s-9.362-46.641-26.36-63.64L331.397 0h48.721a48 48 0 0 1 33.941 14.059l211.882 211.882c18.745 18.745 18.745 49.137 0 67.882z\"><\/path><\/svg>\t\t\t\t\t\t\t<\/span>\n\t\t\t\t\t\t\t\t\t<span class=\"elementor-icon-list-text elementor-post-info__item elementor-post-info__item--type-terms\">\n\t\t\t\t\t\t\t\t\t\t<span class=\"elementor-post-info__terms-list\">\n\t\t\t\t<a href=\"https:\/\/saera.eu\/fr\/tag\/levolution-des-traitements-du-syndrome-de-loeil-sec-integration-des-nouvelles-therapies-dans-la-pratique-clinique\/\" class=\"elementor-post-info__terms-list-item\">L&#039;\u00e9volution des traitements du syndrome de l&#039;\u0153il sec : Int\u00e9gration des nouvelles th\u00e9rapies dans la pratique Clinique<\/a>, <a href=\"https:\/\/saera.eu\/fr\/tag\/optometrie\/\" class=\"elementor-post-info__terms-list-item\">Optom\u00e9trie<\/a>\t\t\t\t<\/span>\n\t\t\t\t\t<\/span>\n\t\t\t\t\t\t\t\t<\/li>\n\t\t\t\t<\/ul>\n\t\t\t\t<\/div>\n\t\t\t\t<\/div>\n\t\t\t\t<div class=\"elementor-element elementor-element-37acbaa4 elementor-widget elementor-widget-text-editor\" data-id=\"37acbaa4\" data-element_type=\"widget\" data-widget_type=\"text-editor.default\">\n\t\t\t\t<div class=\"elementor-widget-container\">\n\t\t\t\t\t\t\t<h3><!-- wp:paragraph {\"align\":\"right\"} --><\/h3><p class=\"has-text-align-right\">Par <strong>Lama C. ZIADEH, <\/strong>\u00e9tudiant du <a href=\"https:\/\/saera.eu\/fr\/master-optometrie-clinique-et-therapie-visuelle\/\">Master en Optom\u00e9trie Clinique et T\u00e9rapie Visuelle<\/a><\/p><p><!-- \/wp:paragraph --><!-- wp:paragraph --><\/p><h3><strong>R\u00e9sum\u00e9<\/strong><\/h3><p><!-- \/wp:paragraph --><!-- wp:paragraph --><\/p><p>Cet article de vulgarisation examine l&#8217;avancement des th\u00e9rapies pour le syndrome de l&#8217;\u0153il sec, en mettant en lumi\u00e8re les nouvelles approches th\u00e9rapeutiques et les d\u00e9fis rencontr\u00e9s pour leur adoption en pratique clinique. Les sources ont \u00e9t\u00e9 recherch\u00e9es sur des bases de donn\u00e9es majeures de la litt\u00e9rature scientifique, il a \u00e9t\u00e9 port\u00e9 une attention particuli\u00e8re aux \u00e9tudes plus r\u00e9centes. L\u2019analyse se concentre sur les th\u00e9rapies biologiques, y compris le s\u00e9rum autologue et les cytokines, les dispositifs m\u00e9dicaux avanc\u00e9s, comme le LipiFlow, la lumi\u00e8re puls\u00e9e intense, la photobiomodulation et les lentilles scl\u00e9rales. Il a \u00e9t\u00e9 \u00e9valu\u00e9 leur efficacit\u00e9 clinique, leurs effets sur la qualit\u00e9 de vie, et les obstacles inh\u00e9rents \u00e0 l\u2019application dans la pratique quotidienne.<\/p><p>Mots cl\u00e9s: Syndrome de l&#8217;\u0153il sec, dispositifs m\u00e9dicaux avanc\u00e9s, th\u00e9rapies biologiques, lentilles scl\u00e9rales, int\u00e9gration clinique, d\u00e9fis cliniques<\/p><p>            <div class=\"ppv_wrapper ppv_container\" style=\"position: relative;width:100%; height:600px;\">\n                <div class=\"ppv-loading\">PDF Loading&#8230;<\/div>\n                <iframe id=\"s_pdf_frame\" src=\"\/\/docs.google.com\/gview?embedded=true&#038;url=https:\/\/saera.eu\/fr\/wp-content\/uploads\/2025\/05\/Article-vulgarisation_LamaZiadeh-publicar.pdf\" style=\"float:left; padding:10px;width:100%; height:600px;\" frameborder=\"0\"><\/iframe>\n                            <\/div>\n            \n            <\/p><p><!-- \/wp:paragraph --><!-- wp:shortcode --><\/p><p><!-- \/wp:shortcode --><!-- wp:paragraph --><\/p><p><!-- \/wp:paragraph --><\/p>\t\t\t\t\t\t<\/div>\n\t\t\t\t<\/div>\n\t\t\t\t<div class=\"elementor-element elementor-element-4293cb94 elementor-widget elementor-widget-text-editor\" data-id=\"4293cb94\" data-element_type=\"widget\" data-widget_type=\"text-editor.default\">\n\t\t\t\t<div class=\"elementor-widget-container\">\n\t\t\t\t\t\t\t<p style=\"text-align: justify;\">T\u00e9l\u00e9charger le dossier complet sur le lien suivant: <a href=\"https:\/\/saera.eu\/fr\/wp-content\/uploads\/2025\/05\/Article-vulgarisation_LamaZiadeh-publicar.pdf\">Lama C. Ziadeh (2025). L&#8217;\u00e9volution des traitements du syndrome de l&#8217;\u0153il sec : Int\u00e9gration des nouvelles th\u00e9rapies dans la pratique Clinique. SAERA &#8211; School of Advanced Education, Research and Accreditation.<\/a><\/p>\t\t\t\t\t\t<\/div>\n\t\t\t\t<\/div>\n\t\t\t\t\t<\/div>\n\t\t\t\t<\/div>\n\t\t\t\t<\/div>\n\t\t<div class=\"elementor-element elementor-element-f55b9a5 e-con-full e-flex e-con e-child\" data-id=\"f55b9a5\" data-element_type=\"container\">\n\t\t\t\t<div class=\"elementor-element elementor-element-6996696a elementor-widget elementor-widget-spacer\" data-id=\"6996696a\" data-element_type=\"widget\" data-widget_type=\"spacer.default\">\n\t\t\t\t<div class=\"elementor-widget-container\">\n\t\t\t\t\t<div class=\"elementor-spacer\">\n\t\t\t<div class=\"elementor-spacer-inner\"><\/div>\n\t\t<\/div>\n\t\t\t\t<\/div>\n\t\t\t\t<\/div>\n\t\t\t\t<div class=\"elementor-element elementor-element-87c2af7 elementor-widget elementor-widget-wp-widget-text\" data-id=\"87c2af7\" data-element_type=\"widget\" data-widget_type=\"wp-widget-text.default\">\n\t\t\t\t<div class=\"elementor-widget-container\">\n\t\t\t<h5>Consultez notre offre de formation<\/h5>\t\t\t<div class=\"textwidget\"><\/div>\n\t\t\t\t<\/div>\n\t\t\t\t<\/div>\n\t\t<div class=\"elementor-element elementor-element-36066cfa e-grid e-con-boxed e-con e-child\" data-id=\"36066cfa\" data-element_type=\"container\">\n\t\t\t\t\t<div class=\"e-con-inner\">\n\t\t\t\t<div class=\"elementor-element elementor-element-73a7ca6b elementor-position-top elementor-widget elementor-widget-image-box\" data-id=\"73a7ca6b\" data-element_type=\"widget\" data-widget_type=\"image-box.default\">\n\t\t\t\t<div class=\"elementor-widget-container\">\n\t\t\t<div class=\"elementor-image-box-wrapper\"><figure class=\"elementor-image-box-img\"><a href=\"https:\/\/www.saera.eu\/audiologia\/\" tabindex=\"-1\"><img fetchpriority=\"high\" decoding=\"async\" width=\"300\" height=\"300\" src=\"https:\/\/saera.eu\/fr\/wp-content\/uploads\/2024\/08\/oreja_cuadrado-1-300x300.jpg\" class=\"attachment-medium size-medium wp-image-12793\" alt=\"\" srcset=\"https:\/\/saera.eu\/fr\/wp-content\/uploads\/2024\/08\/oreja_cuadrado-1-300x300.jpg 300w, https:\/\/saera.eu\/fr\/wp-content\/uploads\/2024\/08\/oreja_cuadrado-1-150x150.jpg 150w, https:\/\/saera.eu\/fr\/wp-content\/uploads\/2024\/08\/oreja_cuadrado-1-120x120.jpg 120w, https:\/\/saera.eu\/fr\/wp-content\/uploads\/2024\/08\/oreja_cuadrado-1-220x220.jpg 220w, https:\/\/saera.eu\/fr\/wp-content\/uploads\/2024\/08\/oreja_cuadrado-1-390x390.jpg 390w, https:\/\/saera.eu\/fr\/wp-content\/uploads\/2024\/08\/oreja_cuadrado-1.jpg 500w\" sizes=\"(max-width: 300px) 100vw, 300px\" \/><\/a><\/figure><div class=\"elementor-image-box-content\"><h4 class=\"elementor-image-box-title\"><a href=\"https:\/\/www.saera.eu\/audiologia\/\">Audiologie<\/a><\/h4><\/div><\/div>\t\t<\/div>\n\t\t\t\t<\/div>\n\t\t\t\t<div class=\"elementor-element elementor-element-3ab007a1 elementor-position-top elementor-widget elementor-widget-image-box\" data-id=\"3ab007a1\" data-element_type=\"widget\" data-widget_type=\"image-box.default\">\n\t\t\t\t<div class=\"elementor-widget-container\">\n\t\t\t<div class=\"elementor-image-box-wrapper\"><figure class=\"elementor-image-box-img\"><a href=\"https:\/\/saera.eu\/fonoaudiologia\/\" tabindex=\"-1\"><img decoding=\"async\" width=\"300\" height=\"300\" src=\"https:\/\/saera.eu\/fr\/wp-content\/uploads\/2024\/08\/Fonoaudiologia-1-300x300.jpg\" class=\"attachment-medium size-medium wp-image-12784\" alt=\"\" srcset=\"https:\/\/saera.eu\/fr\/wp-content\/uploads\/2024\/08\/Fonoaudiologia-1-300x300.jpg 300w, https:\/\/saera.eu\/fr\/wp-content\/uploads\/2024\/08\/Fonoaudiologia-1-150x150.jpg 150w, https:\/\/saera.eu\/fr\/wp-content\/uploads\/2024\/08\/Fonoaudiologia-1-120x120.jpg 120w, https:\/\/saera.eu\/fr\/wp-content\/uploads\/2024\/08\/Fonoaudiologia-1-220x220.jpg 220w, https:\/\/saera.eu\/fr\/wp-content\/uploads\/2024\/08\/Fonoaudiologia-1-390x390.jpg 390w, https:\/\/saera.eu\/fr\/wp-content\/uploads\/2024\/08\/Fonoaudiologia-1.jpg 500w\" sizes=\"(max-width: 300px) 100vw, 300px\" \/><\/a><\/figure><div class=\"elementor-image-box-content\"><h4 class=\"elementor-image-box-title\"><a href=\"https:\/\/saera.eu\/fonoaudiologia\/\">Logop\u00e9die<\/a><\/h4><\/div><\/div>\t\t<\/div>\n\t\t\t\t<\/div>\n\t\t\t\t<div class=\"elementor-element elementor-element-3e0432e3 elementor-position-top elementor-widget elementor-widget-image-box\" data-id=\"3e0432e3\" data-element_type=\"widget\" data-widget_type=\"image-box.default\">\n\t\t\t\t<div class=\"elementor-widget-container\">\n\t\t\t<div class=\"elementor-image-box-wrapper\"><figure class=\"elementor-image-box-img\"><a href=\"https:\/\/saera.eu\/neurociencias\/\" tabindex=\"-1\"><img decoding=\"async\" width=\"300\" height=\"300\" src=\"https:\/\/saera.eu\/fr\/wp-content\/uploads\/2024\/08\/cerebro_cuadrado-1-300x300.jpg\" class=\"attachment-medium size-medium wp-image-12788\" alt=\"\" srcset=\"https:\/\/saera.eu\/fr\/wp-content\/uploads\/2024\/08\/cerebro_cuadrado-1-300x300.jpg 300w, https:\/\/saera.eu\/fr\/wp-content\/uploads\/2024\/08\/cerebro_cuadrado-1-150x150.jpg 150w, https:\/\/saera.eu\/fr\/wp-content\/uploads\/2024\/08\/cerebro_cuadrado-1-120x120.jpg 120w, https:\/\/saera.eu\/fr\/wp-content\/uploads\/2024\/08\/cerebro_cuadrado-1-220x220.jpg 220w, https:\/\/saera.eu\/fr\/wp-content\/uploads\/2024\/08\/cerebro_cuadrado-1-390x390.jpg 390w, https:\/\/saera.eu\/fr\/wp-content\/uploads\/2024\/08\/cerebro_cuadrado-1.jpg 500w\" sizes=\"(max-width: 300px) 100vw, 300px\" \/><\/a><\/figure><div class=\"elementor-image-box-content\"><h4 class=\"elementor-image-box-title\"><a href=\"https:\/\/saera.eu\/neurociencias\/\">Neurosciences<\/a><\/h4><\/div><\/div>\t\t<\/div>\n\t\t\t\t<\/div>\n\t\t\t\t<div class=\"elementor-element elementor-element-32728268 elementor-position-top elementor-widget elementor-widget-image-box\" data-id=\"32728268\" data-element_type=\"widget\" data-widget_type=\"image-box.default\">\n\t\t\t\t<div class=\"elementor-widget-container\">\n\t\t\t<div class=\"elementor-image-box-wrapper\"><figure class=\"elementor-image-box-img\"><a href=\"https:\/\/saera.eu\/optometria\/\" tabindex=\"-1\"><img loading=\"lazy\" decoding=\"async\" width=\"300\" height=\"300\" src=\"https:\/\/saera.eu\/fr\/wp-content\/uploads\/2024\/08\/ojo_cuadrado-1-300x300.jpg\" class=\"attachment-medium size-medium wp-image-12786\" alt=\"\" srcset=\"https:\/\/saera.eu\/fr\/wp-content\/uploads\/2024\/08\/ojo_cuadrado-1-300x300.jpg 300w, https:\/\/saera.eu\/fr\/wp-content\/uploads\/2024\/08\/ojo_cuadrado-1-150x150.jpg 150w, https:\/\/saera.eu\/fr\/wp-content\/uploads\/2024\/08\/ojo_cuadrado-1-120x120.jpg 120w, https:\/\/saera.eu\/fr\/wp-content\/uploads\/2024\/08\/ojo_cuadrado-1-220x220.jpg 220w, https:\/\/saera.eu\/fr\/wp-content\/uploads\/2024\/08\/ojo_cuadrado-1-390x390.jpg 390w, https:\/\/saera.eu\/fr\/wp-content\/uploads\/2024\/08\/ojo_cuadrado-1.jpg 500w\" sizes=\"(max-width: 300px) 100vw, 300px\" \/><\/a><\/figure><div class=\"elementor-image-box-content\"><h4 class=\"elementor-image-box-title\"><a href=\"https:\/\/saera.eu\/optometria\/\">Optom\u00e9trie<\/a><\/h4><\/div><\/div>\t\t<\/div>\n\t\t\t\t<\/div>\n\t\t\t\t\t<\/div>\n\t\t\t\t<\/div>\n\t\t\t\t<div class=\"elementor-element elementor-element-2db686a1 elementor-widget elementor-widget-wp-widget-text\" data-id=\"2db686a1\" data-element_type=\"widget\" data-widget_type=\"wp-widget-text.default\">\n\t\t\t\t<div class=\"elementor-widget-container\">\n\t\t\t<h5>Rechercher<\/h5>\t\t\t<div class=\"textwidget\"><\/div>\n\t\t\t\t<\/div>\n\t\t\t\t<\/div>\n\t\t\t\t<div class=\"elementor-element elementor-element-27928e8d elementor-widget elementor-widget-wp-widget-search\" data-id=\"27928e8d\" data-element_type=\"widget\" data-widget_type=\"wp-widget-search.default\">\n\t\t\t\t<div class=\"elementor-widget-container\">\n\t\t\t<form role=\"search\" class=\"bs-search search-form\" method=\"get\" action=\"https:\/\/saera.eu\/fr\/\">\n    <div class=\"search-wrap\">\n    \t<label class=\"screen-reader-text\">\n    \t\tSearch for:    \t<\/label>\n        <input type=\"search\" placeholder=\"Searching...\" name=\"s\" class=\"search-input\" value=\"\" \/>\n        <button type=\"submit\"  value=\"Search\"><i class=\"flaticon-search\"><\/i><\/button>\n    <\/div>\n<\/form>\t\t<\/div>\n\t\t\t\t<\/div>\n\t\t\t\t<div class=\"elementor-element elementor-element-40f67027 elementor-widget elementor-widget-wp-widget-text\" data-id=\"40f67027\" data-element_type=\"widget\" data-widget_type=\"wp-widget-text.default\">\n\t\t\t\t<div class=\"elementor-widget-container\">\n\t\t\t<h5>Derniers Articles<\/h5>\t\t\t<div class=\"textwidget\"><\/div>\n\t\t\t\t<\/div>\n\t\t\t\t<\/div>\n\t\t\t\t<div class=\"elementor-element elementor-element-78020e57 elementor-widget elementor-widget-rsblog\" data-id=\"78020e57\" data-element_type=\"widget\" data-widget_type=\"rsblog.default\">\n\t\t\t\t<div class=\"elementor-widget-container\">\n\t\t\t         \r\n\t\t<div class=\"rs-blog-grid rs-blog-grid2\">            \r\n\t\t\t\r\n            <div class=\"row blog-gird-item\">\r\n                \r\n\t\t\t \t                 \r\n                         \r\n                <\/div>   \r\n                               \r\n            \t    \r\n                              \r\n\t\t<\/div>\r\n\t   \t\t<\/div>\n\t\t\t\t<\/div>\n\t\t\t\t<\/div>\n\t\t\t\t\t<\/div>\n\t\t\t\t<\/div>\n\t\t\t\t<\/div>\n\t\t","protected":false},"excerpt":{"rendered":"<p>L&#8217;\u00e9volution des traitements du syndrome de l&#8217;\u0153il sec: Int\u00e9gration des nouvelles th\u00e9rapies dans la pratique Clinique Par Lama C. ZIADEH,&#8230;<\/p>\n","protected":false},"author":1,"featured_media":16491,"comment_status":"open","ping_status":"open","sticky":false,"template":"elementor_header_footer","format":"standard","meta":{"footnotes":""},"categories":[98,101],"tags":[138,105],"class_list":["post-16483","post","type-post","status-publish","format-standard","has-post-thumbnail","hentry","category-optometrie","category-these-de-master","tag-levolution-des-traitements-du-syndrome-de-loeil-sec-integration-des-nouvelles-therapies-dans-la-pratique-clinique","tag-optometrie"],"yoast_head":"<!-- This site is optimized with the Yoast SEO plugin v27.4 - https:\/\/yoast.com\/product\/yoast-seo-wordpress\/ -->\n<title>L&#039;\u00e9volution des traitements du syndrome de l&#039;\u0153il sec: Int\u00e9gration des nouvelles th\u00e9rapies dans la pratique Clinique<\/title>\n<meta name=\"description\" content=\"Cet article de vulgarisation examine l&#039;avancement des th\u00e9rapies pour le syndrome de l&#039;\u0153il sec, en mettant en lumi\u00e8re les nouvelles approches th\u00e9rapeutiques et les d\u00e9fis rencontr\u00e9s pour leur adoption en pratique clinique.\" \/>\n<meta name=\"robots\" content=\"index, follow, max-snippet:-1, max-image-preview:large, max-video-preview:-1\" \/>\n<link rel=\"canonical\" href=\"https:\/\/saera.eu\/fr\/2025\/05\/27\/levolution-des-traitements-du-syndrome-de-loeil-sec-integration-des-nouvelles-therapies-dans-la-pratique-clinique\/\" \/>\n<meta property=\"og:locale\" content=\"fr_FR\" \/>\n<meta property=\"og:type\" content=\"article\" \/>\n<meta property=\"og:title\" content=\"L&#039;\u00e9volution des traitements du syndrome de l&#039;\u0153il sec: Int\u00e9gration des nouvelles th\u00e9rapies dans la pratique Clinique\" \/>\n<meta property=\"og:description\" content=\"Cet article de vulgarisation examine l&#039;avancement des th\u00e9rapies pour le syndrome de l&#039;\u0153il sec, en mettant en lumi\u00e8re les nouvelles approches th\u00e9rapeutiques et les d\u00e9fis rencontr\u00e9s pour leur adoption en pratique clinique.\" \/>\n<meta property=\"og:url\" content=\"https:\/\/saera.eu\/fr\/2025\/05\/27\/levolution-des-traitements-du-syndrome-de-loeil-sec-integration-des-nouvelles-therapies-dans-la-pratique-clinique\/\" \/>\n<meta property=\"og:site_name\" content=\"Saera FR\" \/>\n<meta property=\"article:published_time\" content=\"2025-05-27T10:06:03+00:00\" \/>\n<meta property=\"article:modified_time\" content=\"2025-05-27T10:52:00+00:00\" \/>\n<meta property=\"og:image\" content=\"https:\/\/saera.eu\/fr\/wp-content\/uploads\/2025\/05\/La-evolucion-de-los-tratamientos-editada.png\" \/>\n\t<meta property=\"og:image:width\" content=\"700\" \/>\n\t<meta property=\"og:image:height\" content=\"394\" \/>\n\t<meta property=\"og:image:type\" content=\"image\/png\" \/>\n<meta name=\"author\" content=\"saeraadmin\" \/>\n<meta name=\"twitter:card\" content=\"summary_large_image\" \/>\n<meta name=\"twitter:label1\" content=\"\u00c9crit par\" \/>\n\t<meta name=\"twitter:data1\" content=\"saeraadmin\" \/>\n\t<meta name=\"twitter:label2\" content=\"Dur\u00e9e de lecture estim\u00e9e\" \/>\n\t<meta name=\"twitter:data2\" content=\"3 minutes\" \/>\n<script type=\"application\/ld+json\" class=\"yoast-schema-graph\">{\"@context\":\"https:\\\/\\\/schema.org\",\"@graph\":[{\"@type\":\"Article\",\"@id\":\"https:\\\/\\\/saera.eu\\\/fr\\\/2025\\\/05\\\/27\\\/levolution-des-traitements-du-syndrome-de-loeil-sec-integration-des-nouvelles-therapies-dans-la-pratique-clinique\\\/#article\",\"isPartOf\":{\"@id\":\"https:\\\/\\\/saera.eu\\\/fr\\\/2025\\\/05\\\/27\\\/levolution-des-traitements-du-syndrome-de-loeil-sec-integration-des-nouvelles-therapies-dans-la-pratique-clinique\\\/\"},\"author\":{\"name\":\"saeraadmin\",\"@id\":\"https:\\\/\\\/saera.eu\\\/fr\\\/#\\\/schema\\\/person\\\/c0039ce790a2e525c401d362dd7dd328\"},\"headline\":\"L&#8217;\u00e9volution des traitements du syndrome de l&#8217;\u0153il sec: Int\u00e9gration des nouvelles th\u00e9rapies dans la pratique Clinique\",\"datePublished\":\"2025-05-27T10:06:03+00:00\",\"dateModified\":\"2025-05-27T10:52:00+00:00\",\"mainEntityOfPage\":{\"@id\":\"https:\\\/\\\/saera.eu\\\/fr\\\/2025\\\/05\\\/27\\\/levolution-des-traitements-du-syndrome-de-loeil-sec-integration-des-nouvelles-therapies-dans-la-pratique-clinique\\\/\"},\"wordCount\":267,\"commentCount\":0,\"image\":{\"@id\":\"https:\\\/\\\/saera.eu\\\/fr\\\/2025\\\/05\\\/27\\\/levolution-des-traitements-du-syndrome-de-loeil-sec-integration-des-nouvelles-therapies-dans-la-pratique-clinique\\\/#primaryimage\"},\"thumbnailUrl\":\"https:\\\/\\\/saera.eu\\\/fr\\\/wp-content\\\/uploads\\\/2025\\\/05\\\/La-evolucion-de-los-tratamientos-editada.png\",\"keywords\":[\"L'\u00e9volution des traitements du syndrome de l'\u0153il sec : Int\u00e9gration des nouvelles th\u00e9rapies dans la pratique Clinique\",\"Optom\u00e9trie\"],\"articleSection\":[\"Optom\u00e9trie\",\"Th\u00e8se de Master\"],\"inLanguage\":\"fr-FR\",\"potentialAction\":[{\"@type\":\"CommentAction\",\"name\":\"Comment\",\"target\":[\"https:\\\/\\\/saera.eu\\\/fr\\\/2025\\\/05\\\/27\\\/levolution-des-traitements-du-syndrome-de-loeil-sec-integration-des-nouvelles-therapies-dans-la-pratique-clinique\\\/#respond\"]}]},{\"@type\":\"WebPage\",\"@id\":\"https:\\\/\\\/saera.eu\\\/fr\\\/2025\\\/05\\\/27\\\/levolution-des-traitements-du-syndrome-de-loeil-sec-integration-des-nouvelles-therapies-dans-la-pratique-clinique\\\/\",\"url\":\"https:\\\/\\\/saera.eu\\\/fr\\\/2025\\\/05\\\/27\\\/levolution-des-traitements-du-syndrome-de-loeil-sec-integration-des-nouvelles-therapies-dans-la-pratique-clinique\\\/\",\"name\":\"L'\u00e9volution des traitements du syndrome de l'\u0153il sec: Int\u00e9gration des nouvelles th\u00e9rapies dans la pratique Clinique\",\"isPartOf\":{\"@id\":\"https:\\\/\\\/saera.eu\\\/fr\\\/#website\"},\"primaryImageOfPage\":{\"@id\":\"https:\\\/\\\/saera.eu\\\/fr\\\/2025\\\/05\\\/27\\\/levolution-des-traitements-du-syndrome-de-loeil-sec-integration-des-nouvelles-therapies-dans-la-pratique-clinique\\\/#primaryimage\"},\"image\":{\"@id\":\"https:\\\/\\\/saera.eu\\\/fr\\\/2025\\\/05\\\/27\\\/levolution-des-traitements-du-syndrome-de-loeil-sec-integration-des-nouvelles-therapies-dans-la-pratique-clinique\\\/#primaryimage\"},\"thumbnailUrl\":\"https:\\\/\\\/saera.eu\\\/fr\\\/wp-content\\\/uploads\\\/2025\\\/05\\\/La-evolucion-de-los-tratamientos-editada.png\",\"datePublished\":\"2025-05-27T10:06:03+00:00\",\"dateModified\":\"2025-05-27T10:52:00+00:00\",\"author\":{\"@id\":\"https:\\\/\\\/saera.eu\\\/fr\\\/#\\\/schema\\\/person\\\/c0039ce790a2e525c401d362dd7dd328\"},\"description\":\"Cet article de vulgarisation examine l'avancement des th\u00e9rapies pour le syndrome de l'\u0153il sec, en mettant en lumi\u00e8re les nouvelles approches th\u00e9rapeutiques et les d\u00e9fis rencontr\u00e9s pour leur adoption en pratique clinique.\",\"breadcrumb\":{\"@id\":\"https:\\\/\\\/saera.eu\\\/fr\\\/2025\\\/05\\\/27\\\/levolution-des-traitements-du-syndrome-de-loeil-sec-integration-des-nouvelles-therapies-dans-la-pratique-clinique\\\/#breadcrumb\"},\"inLanguage\":\"fr-FR\",\"potentialAction\":[{\"@type\":\"ReadAction\",\"target\":[\"https:\\\/\\\/saera.eu\\\/fr\\\/2025\\\/05\\\/27\\\/levolution-des-traitements-du-syndrome-de-loeil-sec-integration-des-nouvelles-therapies-dans-la-pratique-clinique\\\/\"]}]},{\"@type\":\"ImageObject\",\"inLanguage\":\"fr-FR\",\"@id\":\"https:\\\/\\\/saera.eu\\\/fr\\\/2025\\\/05\\\/27\\\/levolution-des-traitements-du-syndrome-de-loeil-sec-integration-des-nouvelles-therapies-dans-la-pratique-clinique\\\/#primaryimage\",\"url\":\"https:\\\/\\\/saera.eu\\\/fr\\\/wp-content\\\/uploads\\\/2025\\\/05\\\/La-evolucion-de-los-tratamientos-editada.png\",\"contentUrl\":\"https:\\\/\\\/saera.eu\\\/fr\\\/wp-content\\\/uploads\\\/2025\\\/05\\\/La-evolucion-de-los-tratamientos-editada.png\",\"width\":700,\"height\":394},{\"@type\":\"BreadcrumbList\",\"@id\":\"https:\\\/\\\/saera.eu\\\/fr\\\/2025\\\/05\\\/27\\\/levolution-des-traitements-du-syndrome-de-loeil-sec-integration-des-nouvelles-therapies-dans-la-pratique-clinique\\\/#breadcrumb\",\"itemListElement\":[{\"@type\":\"ListItem\",\"position\":1,\"name\":\"Portada\",\"item\":\"https:\\\/\\\/saera.eu\\\/fr\\\/\"},{\"@type\":\"ListItem\",\"position\":2,\"name\":\"L&#8217;\u00e9volution des traitements du syndrome de l&#8217;\u0153il sec: Int\u00e9gration des nouvelles th\u00e9rapies dans la pratique Clinique\"}]},{\"@type\":\"WebSite\",\"@id\":\"https:\\\/\\\/saera.eu\\\/fr\\\/#website\",\"url\":\"https:\\\/\\\/saera.eu\\\/fr\\\/\",\"name\":\"Saera FR\",\"description\":\"\u00c9cole Sup\u00e9rieure de Formation\",\"potentialAction\":[{\"@type\":\"SearchAction\",\"target\":{\"@type\":\"EntryPoint\",\"urlTemplate\":\"https:\\\/\\\/saera.eu\\\/fr\\\/?s={search_term_string}\"},\"query-input\":{\"@type\":\"PropertyValueSpecification\",\"valueRequired\":true,\"valueName\":\"search_term_string\"}}],\"inLanguage\":\"fr-FR\"},{\"@type\":\"Person\",\"@id\":\"https:\\\/\\\/saera.eu\\\/fr\\\/#\\\/schema\\\/person\\\/c0039ce790a2e525c401d362dd7dd328\",\"name\":\"saeraadmin\",\"image\":{\"@type\":\"ImageObject\",\"inLanguage\":\"fr-FR\",\"@id\":\"https:\\\/\\\/secure.gravatar.com\\\/avatar\\\/2d4b38e83084153690919ac76077c0f9908d0b73d79a6b7b331cce93a9e58610?s=96&d=mm&r=g\",\"url\":\"https:\\\/\\\/secure.gravatar.com\\\/avatar\\\/2d4b38e83084153690919ac76077c0f9908d0b73d79a6b7b331cce93a9e58610?s=96&d=mm&r=g\",\"contentUrl\":\"https:\\\/\\\/secure.gravatar.com\\\/avatar\\\/2d4b38e83084153690919ac76077c0f9908d0b73d79a6b7b331cce93a9e58610?s=96&d=mm&r=g\",\"caption\":\"saeraadmin\"},\"sameAs\":[\"https:\\\/\\\/saera.eu\\\/fr\"],\"url\":\"https:\\\/\\\/saera.eu\\\/fr\\\/author\\\/saeraadmin\\\/\"}]}<\/script>\n<!-- \/ Yoast SEO plugin. -->","yoast_head_json":{"title":"L'\u00e9volution des traitements du syndrome de l'\u0153il sec: Int\u00e9gration des nouvelles th\u00e9rapies dans la pratique Clinique","description":"Cet article de vulgarisation examine l'avancement des th\u00e9rapies pour le syndrome de l'\u0153il sec, en mettant en lumi\u00e8re les nouvelles approches th\u00e9rapeutiques et les d\u00e9fis rencontr\u00e9s pour leur adoption en pratique clinique.","robots":{"index":"index","follow":"follow","max-snippet":"max-snippet:-1","max-image-preview":"max-image-preview:large","max-video-preview":"max-video-preview:-1"},"canonical":"https:\/\/saera.eu\/fr\/2025\/05\/27\/levolution-des-traitements-du-syndrome-de-loeil-sec-integration-des-nouvelles-therapies-dans-la-pratique-clinique\/","og_locale":"fr_FR","og_type":"article","og_title":"L'\u00e9volution des traitements du syndrome de l'\u0153il sec: Int\u00e9gration des nouvelles th\u00e9rapies dans la pratique Clinique","og_description":"Cet article de vulgarisation examine l'avancement des th\u00e9rapies pour le syndrome de l'\u0153il sec, en mettant en lumi\u00e8re les nouvelles approches th\u00e9rapeutiques et les d\u00e9fis rencontr\u00e9s pour leur adoption en pratique clinique.","og_url":"https:\/\/saera.eu\/fr\/2025\/05\/27\/levolution-des-traitements-du-syndrome-de-loeil-sec-integration-des-nouvelles-therapies-dans-la-pratique-clinique\/","og_site_name":"Saera FR","article_published_time":"2025-05-27T10:06:03+00:00","article_modified_time":"2025-05-27T10:52:00+00:00","og_image":[{"width":700,"height":394,"url":"https:\/\/saera.eu\/fr\/wp-content\/uploads\/2025\/05\/La-evolucion-de-los-tratamientos-editada.png","type":"image\/png"}],"author":"saeraadmin","twitter_card":"summary_large_image","twitter_misc":{"\u00c9crit par":"saeraadmin","Dur\u00e9e de lecture estim\u00e9e":"3 minutes"},"schema":{"@context":"https:\/\/schema.org","@graph":[{"@type":"Article","@id":"https:\/\/saera.eu\/fr\/2025\/05\/27\/levolution-des-traitements-du-syndrome-de-loeil-sec-integration-des-nouvelles-therapies-dans-la-pratique-clinique\/#article","isPartOf":{"@id":"https:\/\/saera.eu\/fr\/2025\/05\/27\/levolution-des-traitements-du-syndrome-de-loeil-sec-integration-des-nouvelles-therapies-dans-la-pratique-clinique\/"},"author":{"name":"saeraadmin","@id":"https:\/\/saera.eu\/fr\/#\/schema\/person\/c0039ce790a2e525c401d362dd7dd328"},"headline":"L&#8217;\u00e9volution des traitements du syndrome de l&#8217;\u0153il sec: Int\u00e9gration des nouvelles th\u00e9rapies dans la pratique Clinique","datePublished":"2025-05-27T10:06:03+00:00","dateModified":"2025-05-27T10:52:00+00:00","mainEntityOfPage":{"@id":"https:\/\/saera.eu\/fr\/2025\/05\/27\/levolution-des-traitements-du-syndrome-de-loeil-sec-integration-des-nouvelles-therapies-dans-la-pratique-clinique\/"},"wordCount":267,"commentCount":0,"image":{"@id":"https:\/\/saera.eu\/fr\/2025\/05\/27\/levolution-des-traitements-du-syndrome-de-loeil-sec-integration-des-nouvelles-therapies-dans-la-pratique-clinique\/#primaryimage"},"thumbnailUrl":"https:\/\/saera.eu\/fr\/wp-content\/uploads\/2025\/05\/La-evolucion-de-los-tratamientos-editada.png","keywords":["L'\u00e9volution des traitements du syndrome de l'\u0153il sec : Int\u00e9gration des nouvelles th\u00e9rapies dans la pratique Clinique","Optom\u00e9trie"],"articleSection":["Optom\u00e9trie","Th\u00e8se de Master"],"inLanguage":"fr-FR","potentialAction":[{"@type":"CommentAction","name":"Comment","target":["https:\/\/saera.eu\/fr\/2025\/05\/27\/levolution-des-traitements-du-syndrome-de-loeil-sec-integration-des-nouvelles-therapies-dans-la-pratique-clinique\/#respond"]}]},{"@type":"WebPage","@id":"https:\/\/saera.eu\/fr\/2025\/05\/27\/levolution-des-traitements-du-syndrome-de-loeil-sec-integration-des-nouvelles-therapies-dans-la-pratique-clinique\/","url":"https:\/\/saera.eu\/fr\/2025\/05\/27\/levolution-des-traitements-du-syndrome-de-loeil-sec-integration-des-nouvelles-therapies-dans-la-pratique-clinique\/","name":"L'\u00e9volution des traitements du syndrome de l'\u0153il sec: Int\u00e9gration des nouvelles th\u00e9rapies dans la pratique Clinique","isPartOf":{"@id":"https:\/\/saera.eu\/fr\/#website"},"primaryImageOfPage":{"@id":"https:\/\/saera.eu\/fr\/2025\/05\/27\/levolution-des-traitements-du-syndrome-de-loeil-sec-integration-des-nouvelles-therapies-dans-la-pratique-clinique\/#primaryimage"},"image":{"@id":"https:\/\/saera.eu\/fr\/2025\/05\/27\/levolution-des-traitements-du-syndrome-de-loeil-sec-integration-des-nouvelles-therapies-dans-la-pratique-clinique\/#primaryimage"},"thumbnailUrl":"https:\/\/saera.eu\/fr\/wp-content\/uploads\/2025\/05\/La-evolucion-de-los-tratamientos-editada.png","datePublished":"2025-05-27T10:06:03+00:00","dateModified":"2025-05-27T10:52:00+00:00","author":{"@id":"https:\/\/saera.eu\/fr\/#\/schema\/person\/c0039ce790a2e525c401d362dd7dd328"},"description":"Cet article de vulgarisation examine l'avancement des th\u00e9rapies pour le syndrome de l'\u0153il sec, en mettant en lumi\u00e8re les nouvelles approches th\u00e9rapeutiques et les d\u00e9fis rencontr\u00e9s pour leur adoption en pratique clinique.","breadcrumb":{"@id":"https:\/\/saera.eu\/fr\/2025\/05\/27\/levolution-des-traitements-du-syndrome-de-loeil-sec-integration-des-nouvelles-therapies-dans-la-pratique-clinique\/#breadcrumb"},"inLanguage":"fr-FR","potentialAction":[{"@type":"ReadAction","target":["https:\/\/saera.eu\/fr\/2025\/05\/27\/levolution-des-traitements-du-syndrome-de-loeil-sec-integration-des-nouvelles-therapies-dans-la-pratique-clinique\/"]}]},{"@type":"ImageObject","inLanguage":"fr-FR","@id":"https:\/\/saera.eu\/fr\/2025\/05\/27\/levolution-des-traitements-du-syndrome-de-loeil-sec-integration-des-nouvelles-therapies-dans-la-pratique-clinique\/#primaryimage","url":"https:\/\/saera.eu\/fr\/wp-content\/uploads\/2025\/05\/La-evolucion-de-los-tratamientos-editada.png","contentUrl":"https:\/\/saera.eu\/fr\/wp-content\/uploads\/2025\/05\/La-evolucion-de-los-tratamientos-editada.png","width":700,"height":394},{"@type":"BreadcrumbList","@id":"https:\/\/saera.eu\/fr\/2025\/05\/27\/levolution-des-traitements-du-syndrome-de-loeil-sec-integration-des-nouvelles-therapies-dans-la-pratique-clinique\/#breadcrumb","itemListElement":[{"@type":"ListItem","position":1,"name":"Portada","item":"https:\/\/saera.eu\/fr\/"},{"@type":"ListItem","position":2,"name":"L&#8217;\u00e9volution des traitements du syndrome de l&#8217;\u0153il sec: Int\u00e9gration des nouvelles th\u00e9rapies dans la pratique Clinique"}]},{"@type":"WebSite","@id":"https:\/\/saera.eu\/fr\/#website","url":"https:\/\/saera.eu\/fr\/","name":"Saera FR","description":"\u00c9cole Sup\u00e9rieure de Formation","potentialAction":[{"@type":"SearchAction","target":{"@type":"EntryPoint","urlTemplate":"https:\/\/saera.eu\/fr\/?s={search_term_string}"},"query-input":{"@type":"PropertyValueSpecification","valueRequired":true,"valueName":"search_term_string"}}],"inLanguage":"fr-FR"},{"@type":"Person","@id":"https:\/\/saera.eu\/fr\/#\/schema\/person\/c0039ce790a2e525c401d362dd7dd328","name":"saeraadmin","image":{"@type":"ImageObject","inLanguage":"fr-FR","@id":"https:\/\/secure.gravatar.com\/avatar\/2d4b38e83084153690919ac76077c0f9908d0b73d79a6b7b331cce93a9e58610?s=96&d=mm&r=g","url":"https:\/\/secure.gravatar.com\/avatar\/2d4b38e83084153690919ac76077c0f9908d0b73d79a6b7b331cce93a9e58610?s=96&d=mm&r=g","contentUrl":"https:\/\/secure.gravatar.com\/avatar\/2d4b38e83084153690919ac76077c0f9908d0b73d79a6b7b331cce93a9e58610?s=96&d=mm&r=g","caption":"saeraadmin"},"sameAs":["https:\/\/saera.eu\/fr"],"url":"https:\/\/saera.eu\/fr\/author\/saeraadmin\/"}]}},"_links":{"self":[{"href":"https:\/\/saera.eu\/fr\/wp-json\/wp\/v2\/posts\/16483","targetHints":{"allow":["GET"]}}],"collection":[{"href":"https:\/\/saera.eu\/fr\/wp-json\/wp\/v2\/posts"}],"about":[{"href":"https:\/\/saera.eu\/fr\/wp-json\/wp\/v2\/types\/post"}],"author":[{"embeddable":true,"href":"https:\/\/saera.eu\/fr\/wp-json\/wp\/v2\/users\/1"}],"replies":[{"embeddable":true,"href":"https:\/\/saera.eu\/fr\/wp-json\/wp\/v2\/comments?post=16483"}],"version-history":[{"count":4,"href":"https:\/\/saera.eu\/fr\/wp-json\/wp\/v2\/posts\/16483\/revisions"}],"predecessor-version":[{"id":16490,"href":"https:\/\/saera.eu\/fr\/wp-json\/wp\/v2\/posts\/16483\/revisions\/16490"}],"wp:featuredmedia":[{"embeddable":true,"href":"https:\/\/saera.eu\/fr\/wp-json\/wp\/v2\/media\/16491"}],"wp:attachment":[{"href":"https:\/\/saera.eu\/fr\/wp-json\/wp\/v2\/media?parent=16483"}],"wp:term":[{"taxonomy":"category","embeddable":true,"href":"https:\/\/saera.eu\/fr\/wp-json\/wp\/v2\/categories?post=16483"},{"taxonomy":"post_tag","embeddable":true,"href":"https:\/\/saera.eu\/fr\/wp-json\/wp\/v2\/tags?post=16483"}],"curies":[{"name":"wp","href":"https:\/\/api.w.org\/{rel}","templated":true}]}}