{"id":16448,"date":"2025-05-26T13:57:29","date_gmt":"2025-05-26T11:57:29","guid":{"rendered":"https:\/\/saera.eu\/fr\/?p=16448"},"modified":"2025-05-27T15:08:10","modified_gmt":"2025-05-27T13:08:10","slug":"analyse-comparative-de-la-secheresse-oculaire-apres-chirurgie-refractive-lasik-vs-pkr","status":"publish","type":"post","link":"https:\/\/saera.eu\/fr\/2025\/05\/26\/analyse-comparative-de-la-secheresse-oculaire-apres-chirurgie-refractive-lasik-vs-pkr\/","title":{"rendered":"Analyse comparative de la s\u00e9cheresse oculaire apr\u00e8s chirurgie r\u00e9fractive: LASIK vs PKR"},"content":{"rendered":"\t\t<div data-elementor-type=\"wp-post\" data-elementor-id=\"16448\" class=\"elementor elementor-16448\" data-elementor-post-type=\"post\">\n\t\t\t\t<div class=\"elementor-element elementor-element-3fec8664 e-flex e-con-boxed e-con e-parent\" data-id=\"3fec8664\" data-element_type=\"container\">\n\t\t\t\t\t<div class=\"e-con-inner\">\n\t\t<div class=\"elementor-element elementor-element-293f7bd6 e-con-full e-flex e-con e-child\" data-id=\"293f7bd6\" data-element_type=\"container\">\n\t\t<div class=\"elementor-element elementor-element-60af1c12 e-flex e-con-boxed e-con e-child\" data-id=\"60af1c12\" data-element_type=\"container\">\n\t\t\t\t\t<div class=\"e-con-inner\">\n\t\t\t\t<div class=\"elementor-element elementor-element-bf5c799 elementor-widget elementor-widget-spacer\" data-id=\"bf5c799\" data-element_type=\"widget\" data-widget_type=\"spacer.default\">\n\t\t\t\t<div class=\"elementor-widget-container\">\n\t\t\t\t\t<div class=\"elementor-spacer\">\n\t\t\t<div class=\"elementor-spacer-inner\"><\/div>\n\t\t<\/div>\n\t\t\t\t<\/div>\n\t\t\t\t<\/div>\n\t\t\t\t<div class=\"elementor-element elementor-element-70d5c54b elementor-widget elementor-widget-text-editor\" data-id=\"70d5c54b\" data-element_type=\"widget\" data-widget_type=\"text-editor.default\">\n\t\t\t\t<div class=\"elementor-widget-container\">\n\t\t\t\t\t\t\t<h2 class=\"title title-l title-post-single\"><span style=\"color: #000066;\">Analyse comparative de la s\u00e9cheresse oculaire apr\u00e8s chirurgie r\u00e9fractive: <\/span><br \/><span style=\"color: #000066;\">LASIK vs PKR<\/span><\/h2>\t\t\t\t\t\t<\/div>\n\t\t\t\t<\/div>\n\t\t\t\t<div class=\"elementor-element elementor-element-373234a elementor-align-right elementor-widget elementor-widget-post-info\" data-id=\"373234a\" data-element_type=\"widget\" data-widget_type=\"post-info.default\">\n\t\t\t\t<div class=\"elementor-widget-container\">\n\t\t\t\t\t<ul class=\"elementor-inline-items elementor-icon-list-items elementor-post-info\">\n\t\t\t\t\t\t\t\t<li class=\"elementor-icon-list-item elementor-repeater-item-f8edb24 elementor-inline-item\" itemprop=\"datePublished\">\n\t\t\t\t\t\t<a href=\"https:\/\/saera.eu\/fr\/2025\/05\/26\/\">\n\t\t\t\t\t\t\t\t\t\t\t<span class=\"elementor-icon-list-icon\">\n\t\t\t\t\t\t\t\t<svg aria-hidden=\"true\" class=\"e-font-icon-svg e-fas-calendar\" viewBox=\"0 0 448 512\" xmlns=\"http:\/\/www.w3.org\/2000\/svg\"><path d=\"M12 192h424c6.6 0 12 5.4 12 12v260c0 26.5-21.5 48-48 48H48c-26.5 0-48-21.5-48-48V204c0-6.6 5.4-12 12-12zm436-44v-36c0-26.5-21.5-48-48-48h-48V12c0-6.6-5.4-12-12-12h-40c-6.6 0-12 5.4-12 12v52H160V12c0-6.6-5.4-12-12-12h-40c-6.6 0-12 5.4-12 12v52H48C21.5 64 0 85.5 0 112v36c0 6.6 5.4 12 12 12h424c6.6 0 12-5.4 12-12z\"><\/path><\/svg>\t\t\t\t\t\t\t<\/span>\n\t\t\t\t\t\t\t\t\t<span class=\"elementor-icon-list-text elementor-post-info__item elementor-post-info__item--type-date\">\n\t\t\t\t\t\t\t\t\t\t<time>26\/05\/2025<\/time>\t\t\t\t\t<\/span>\n\t\t\t\t\t\t\t\t\t<\/a>\n\t\t\t\t<\/li>\n\t\t\t\t<li class=\"elementor-icon-list-item elementor-repeater-item-88d13a1 elementor-inline-item\" itemprop=\"about\">\n\t\t\t\t\t\t\t\t\t\t<span class=\"elementor-icon-list-icon\">\n\t\t\t\t\t\t\t\t<svg aria-hidden=\"true\" class=\"e-font-icon-svg e-fas-tags\" viewBox=\"0 0 640 512\" xmlns=\"http:\/\/www.w3.org\/2000\/svg\"><path d=\"M497.941 225.941L286.059 14.059A48 48 0 0 0 252.118 0H48C21.49 0 0 21.49 0 48v204.118a48 48 0 0 0 14.059 33.941l211.882 211.882c18.744 18.745 49.136 18.746 67.882 0l204.118-204.118c18.745-18.745 18.745-49.137 0-67.882zM112 160c-26.51 0-48-21.49-48-48s21.49-48 48-48 48 21.49 48 48-21.49 48-48 48zm513.941 133.823L421.823 497.941c-18.745 18.745-49.137 18.745-67.882 0l-.36-.36L527.64 323.522c16.999-16.999 26.36-39.6 26.36-63.64s-9.362-46.641-26.36-63.64L331.397 0h48.721a48 48 0 0 1 33.941 14.059l211.882 211.882c18.745 18.745 18.745 49.137 0 67.882z\"><\/path><\/svg>\t\t\t\t\t\t\t<\/span>\n\t\t\t\t\t\t\t\t\t<span class=\"elementor-icon-list-text elementor-post-info__item elementor-post-info__item--type-terms\">\n\t\t\t\t\t\t\t\t\t\t<span class=\"elementor-post-info__terms-list\">\n\t\t\t\t<a href=\"https:\/\/saera.eu\/fr\/tag\/analyse-comparative-de-la-secheresse-oculaire-apres-chirurgie-refractive-lasik-vs-pkr\/\" class=\"elementor-post-info__terms-list-item\">Analyse comparative de la s\u00e9cheresse oculaire apr\u00e8s chirurgie r\u00e9fractive : LASIK vs PKR<\/a>, <a href=\"https:\/\/saera.eu\/fr\/tag\/optometrie\/\" class=\"elementor-post-info__terms-list-item\">Optom\u00e9trie<\/a>\t\t\t\t<\/span>\n\t\t\t\t\t<\/span>\n\t\t\t\t\t\t\t\t<\/li>\n\t\t\t\t<\/ul>\n\t\t\t\t<\/div>\n\t\t\t\t<\/div>\n\t\t\t\t<div class=\"elementor-element elementor-element-3ba1f9b elementor-widget elementor-widget-text-editor\" data-id=\"3ba1f9b\" data-element_type=\"widget\" data-widget_type=\"text-editor.default\">\n\t\t\t\t<div class=\"elementor-widget-container\">\n\t\t\t\t\t\t\t<h3><!-- wp:paragraph {\"align\":\"right\"} --><\/h3><p class=\"has-text-align-right\">Par <strong>Elias Charbel ZIADEH, <\/strong>\u00e9tudiant du <a href=\"https:\/\/saera.eu\/fr\/master-optometrie-clinique-et-therapie-visuelle\/\">Master en Optom\u00e9trie Clinique et T\u00e9rapie Visuelle<\/a><\/p><p><!-- \/wp:paragraph --><!-- wp:paragraph --><\/p><h3><strong>R\u00e9sum\u00e9<\/strong><\/h3><p><!-- \/wp:paragraph --><!-- wp:paragraph --><\/p><p style=\"text-align: justify;\">Cette \u00e9tude permet de rechercher l\u2019effet de la chirurgie r\u00e9fractive, notamment le LASIK et la PKR sur la s\u00e8cheresse oculaire. Elle \u00e9tablit une comparaison claire entre les r\u00e9sultats durant la phase per-op\u00e9ratoire et celle post-op\u00e9ratoire pour avoir une meilleure compr\u00e9hension des signes induits par ces types d\u2019intervention ainsi que leurs effets secondaires. <br \/>La s\u00e9cheresse oculaire qui suit une intervention chirurgicale est une condition m\u00e9dicale fr\u00e9quente pouvant affecter de fa\u00e7on directe la qualit\u00e9 de vie des patients op\u00e9r\u00e9s. Cette \u00e9tude souligne sur la pr\u00e9valence, la gravite et de m\u00eame les facteurs de risque accompagnant ce type de chirurgie. Le but ultime est de mettre en place un protocole th\u00e9rapeutique adapt\u00e9 selon les besoins et les sympt\u00f4mes de chaque patient. <br \/>L\u2019\u00e9tude est bas\u00e9e sur une interpr\u00e9tation approfondie de la variation des r\u00e9sultats au niveau des sympt\u00f4mes et des param\u00e8tres oculaires en pr\u00e9 et post op\u00e9ratoire. Toute cette proc\u00e9dure vise \u00e0 \u00e9laborer la prise en charge des patients. <br \/>Une combinaison entre une approche scientifique et une autre clinique fournit de nouvelles informations au domaine m\u00e9dical et param\u00e9dical pour perfectionner les protocoles d\u2019intervention, afin de r\u00e9duire les signes observables alt\u00e9rant la qualit\u00e9 de vie des patients.<\/p><p>Mots cl\u00e9s : S\u00e8cheresse oculaire, PKR, LASIK, film lacrymal, prise en charge, myopie, hyperm\u00e9tropie<\/p><p>            <div class=\"ppv_wrapper ppv_container\" style=\"position: relative;width:100%; height:600px;\">\n                <div class=\"ppv-loading\">PDF Loading&#8230;<\/div>\n                <iframe id=\"s_pdf_frame\" src=\"\/\/docs.google.com\/gview?embedded=true&#038;url=https:\/\/saera.eu\/fr\/wp-content\/uploads\/2025\/05\/These-Elias-ZIADEH-publier-blog-SAERA.pdf\" style=\"float:left; padding:10px;width:100%; height:600px;\" frameborder=\"0\"><\/iframe>\n                            <\/div>\n            \n            <\/p><p><!-- \/wp:paragraph --><!-- wp:shortcode --><\/p><p><!-- \/wp:shortcode --><!-- wp:paragraph --><\/p><p><!-- \/wp:paragraph --><\/p>\t\t\t\t\t\t<\/div>\n\t\t\t\t<\/div>\n\t\t\t\t<div class=\"elementor-element elementor-element-49318d42 elementor-widget elementor-widget-text-editor\" data-id=\"49318d42\" data-element_type=\"widget\" data-widget_type=\"text-editor.default\">\n\t\t\t\t<div class=\"elementor-widget-container\">\n\t\t\t\t\t\t\t<p style=\"text-align: justify;\">T\u00e9l\u00e9charger le dossier complet sur le lien suivant: <a href=\"https:\/\/saera.eu\/fr\/wp-content\/uploads\/2025\/05\/These-Elias-ZIADEH-publier-blog-SAERA.pdf\">Elias Charbel Ziadeh (2025). Analyse comparative de la s\u00e9cheresse oculaire apr\u00e8s chirurgie r\u00e9fractive : LASIK vs PKR. SAERA &#8211; School of Advanced Education, Research and Accreditation.<\/a><\/p>\t\t\t\t\t\t<\/div>\n\t\t\t\t<\/div>\n\t\t\t\t\t<\/div>\n\t\t\t\t<\/div>\n\t\t\t\t<\/div>\n\t\t<div class=\"elementor-element elementor-element-1c3feac6 e-con-full e-flex e-con e-child\" data-id=\"1c3feac6\" data-element_type=\"container\">\n\t\t\t\t<div class=\"elementor-element elementor-element-6d41b648 elementor-widget elementor-widget-spacer\" data-id=\"6d41b648\" data-element_type=\"widget\" data-widget_type=\"spacer.default\">\n\t\t\t\t<div class=\"elementor-widget-container\">\n\t\t\t\t\t<div class=\"elementor-spacer\">\n\t\t\t<div class=\"elementor-spacer-inner\"><\/div>\n\t\t<\/div>\n\t\t\t\t<\/div>\n\t\t\t\t<\/div>\n\t\t\t\t<div class=\"elementor-element elementor-element-5b79b4cc elementor-widget elementor-widget-wp-widget-text\" data-id=\"5b79b4cc\" data-element_type=\"widget\" data-widget_type=\"wp-widget-text.default\">\n\t\t\t\t<div class=\"elementor-widget-container\">\n\t\t\t<h5>Consultez notre offre de formation<\/h5>\t\t\t<div class=\"textwidget\"><\/div>\n\t\t\t\t<\/div>\n\t\t\t\t<\/div>\n\t\t<div class=\"elementor-element elementor-element-7c0143f3 e-grid e-con-boxed e-con e-child\" data-id=\"7c0143f3\" data-element_type=\"container\">\n\t\t\t\t\t<div class=\"e-con-inner\">\n\t\t\t\t<div class=\"elementor-element elementor-element-43a43068 elementor-position-top elementor-widget elementor-widget-image-box\" data-id=\"43a43068\" data-element_type=\"widget\" data-widget_type=\"image-box.default\">\n\t\t\t\t<div class=\"elementor-widget-container\">\n\t\t\t<div class=\"elementor-image-box-wrapper\"><figure class=\"elementor-image-box-img\"><a href=\"https:\/\/www.saera.eu\/audiologia\/\" tabindex=\"-1\"><img fetchpriority=\"high\" decoding=\"async\" width=\"300\" height=\"300\" src=\"https:\/\/saera.eu\/fr\/wp-content\/uploads\/2024\/08\/oreja_cuadrado-1-300x300.jpg\" class=\"attachment-medium size-medium wp-image-12793\" alt=\"\" srcset=\"https:\/\/saera.eu\/fr\/wp-content\/uploads\/2024\/08\/oreja_cuadrado-1-300x300.jpg 300w, https:\/\/saera.eu\/fr\/wp-content\/uploads\/2024\/08\/oreja_cuadrado-1-150x150.jpg 150w, https:\/\/saera.eu\/fr\/wp-content\/uploads\/2024\/08\/oreja_cuadrado-1-120x120.jpg 120w, https:\/\/saera.eu\/fr\/wp-content\/uploads\/2024\/08\/oreja_cuadrado-1-220x220.jpg 220w, https:\/\/saera.eu\/fr\/wp-content\/uploads\/2024\/08\/oreja_cuadrado-1-390x390.jpg 390w, https:\/\/saera.eu\/fr\/wp-content\/uploads\/2024\/08\/oreja_cuadrado-1.jpg 500w\" sizes=\"(max-width: 300px) 100vw, 300px\" \/><\/a><\/figure><div class=\"elementor-image-box-content\"><h4 class=\"elementor-image-box-title\"><a href=\"https:\/\/www.saera.eu\/audiologia\/\">Audiologie<\/a><\/h4><\/div><\/div>\t\t<\/div>\n\t\t\t\t<\/div>\n\t\t\t\t<div class=\"elementor-element elementor-element-7ec6831f elementor-position-top elementor-widget elementor-widget-image-box\" data-id=\"7ec6831f\" data-element_type=\"widget\" data-widget_type=\"image-box.default\">\n\t\t\t\t<div class=\"elementor-widget-container\">\n\t\t\t<div class=\"elementor-image-box-wrapper\"><figure class=\"elementor-image-box-img\"><a href=\"https:\/\/saera.eu\/fonoaudiologia\/\" tabindex=\"-1\"><img decoding=\"async\" width=\"300\" height=\"300\" src=\"https:\/\/saera.eu\/fr\/wp-content\/uploads\/2024\/08\/Fonoaudiologia-1-300x300.jpg\" class=\"attachment-medium size-medium wp-image-12784\" alt=\"\" srcset=\"https:\/\/saera.eu\/fr\/wp-content\/uploads\/2024\/08\/Fonoaudiologia-1-300x300.jpg 300w, https:\/\/saera.eu\/fr\/wp-content\/uploads\/2024\/08\/Fonoaudiologia-1-150x150.jpg 150w, https:\/\/saera.eu\/fr\/wp-content\/uploads\/2024\/08\/Fonoaudiologia-1-120x120.jpg 120w, https:\/\/saera.eu\/fr\/wp-content\/uploads\/2024\/08\/Fonoaudiologia-1-220x220.jpg 220w, https:\/\/saera.eu\/fr\/wp-content\/uploads\/2024\/08\/Fonoaudiologia-1-390x390.jpg 390w, https:\/\/saera.eu\/fr\/wp-content\/uploads\/2024\/08\/Fonoaudiologia-1.jpg 500w\" sizes=\"(max-width: 300px) 100vw, 300px\" \/><\/a><\/figure><div class=\"elementor-image-box-content\"><h4 class=\"elementor-image-box-title\"><a href=\"https:\/\/saera.eu\/fonoaudiologia\/\">Logop\u00e9die<\/a><\/h4><\/div><\/div>\t\t<\/div>\n\t\t\t\t<\/div>\n\t\t\t\t<div class=\"elementor-element elementor-element-11179f90 elementor-position-top elementor-widget elementor-widget-image-box\" data-id=\"11179f90\" data-element_type=\"widget\" data-widget_type=\"image-box.default\">\n\t\t\t\t<div class=\"elementor-widget-container\">\n\t\t\t<div class=\"elementor-image-box-wrapper\"><figure class=\"elementor-image-box-img\"><a href=\"https:\/\/saera.eu\/neurociencias\/\" tabindex=\"-1\"><img decoding=\"async\" width=\"300\" height=\"300\" src=\"https:\/\/saera.eu\/fr\/wp-content\/uploads\/2024\/08\/cerebro_cuadrado-1-300x300.jpg\" class=\"attachment-medium size-medium wp-image-12788\" alt=\"\" srcset=\"https:\/\/saera.eu\/fr\/wp-content\/uploads\/2024\/08\/cerebro_cuadrado-1-300x300.jpg 300w, https:\/\/saera.eu\/fr\/wp-content\/uploads\/2024\/08\/cerebro_cuadrado-1-150x150.jpg 150w, https:\/\/saera.eu\/fr\/wp-content\/uploads\/2024\/08\/cerebro_cuadrado-1-120x120.jpg 120w, https:\/\/saera.eu\/fr\/wp-content\/uploads\/2024\/08\/cerebro_cuadrado-1-220x220.jpg 220w, https:\/\/saera.eu\/fr\/wp-content\/uploads\/2024\/08\/cerebro_cuadrado-1-390x390.jpg 390w, https:\/\/saera.eu\/fr\/wp-content\/uploads\/2024\/08\/cerebro_cuadrado-1.jpg 500w\" sizes=\"(max-width: 300px) 100vw, 300px\" \/><\/a><\/figure><div class=\"elementor-image-box-content\"><h4 class=\"elementor-image-box-title\"><a href=\"https:\/\/saera.eu\/neurociencias\/\">Neurosciences<\/a><\/h4><\/div><\/div>\t\t<\/div>\n\t\t\t\t<\/div>\n\t\t\t\t<div class=\"elementor-element elementor-element-3207508c elementor-position-top elementor-widget elementor-widget-image-box\" data-id=\"3207508c\" data-element_type=\"widget\" data-widget_type=\"image-box.default\">\n\t\t\t\t<div class=\"elementor-widget-container\">\n\t\t\t<div class=\"elementor-image-box-wrapper\"><figure class=\"elementor-image-box-img\"><a href=\"https:\/\/saera.eu\/optometria\/\" tabindex=\"-1\"><img loading=\"lazy\" decoding=\"async\" width=\"300\" height=\"300\" src=\"https:\/\/saera.eu\/fr\/wp-content\/uploads\/2024\/08\/ojo_cuadrado-1-300x300.jpg\" class=\"attachment-medium size-medium wp-image-12786\" alt=\"\" srcset=\"https:\/\/saera.eu\/fr\/wp-content\/uploads\/2024\/08\/ojo_cuadrado-1-300x300.jpg 300w, https:\/\/saera.eu\/fr\/wp-content\/uploads\/2024\/08\/ojo_cuadrado-1-150x150.jpg 150w, https:\/\/saera.eu\/fr\/wp-content\/uploads\/2024\/08\/ojo_cuadrado-1-120x120.jpg 120w, https:\/\/saera.eu\/fr\/wp-content\/uploads\/2024\/08\/ojo_cuadrado-1-220x220.jpg 220w, https:\/\/saera.eu\/fr\/wp-content\/uploads\/2024\/08\/ojo_cuadrado-1-390x390.jpg 390w, https:\/\/saera.eu\/fr\/wp-content\/uploads\/2024\/08\/ojo_cuadrado-1.jpg 500w\" sizes=\"(max-width: 300px) 100vw, 300px\" \/><\/a><\/figure><div class=\"elementor-image-box-content\"><h4 class=\"elementor-image-box-title\"><a href=\"https:\/\/saera.eu\/optometria\/\">Optom\u00e9trie<\/a><\/h4><\/div><\/div>\t\t<\/div>\n\t\t\t\t<\/div>\n\t\t\t\t\t<\/div>\n\t\t\t\t<\/div>\n\t\t\t\t<div class=\"elementor-element elementor-element-6769bbba elementor-widget elementor-widget-wp-widget-text\" data-id=\"6769bbba\" data-element_type=\"widget\" data-widget_type=\"wp-widget-text.default\">\n\t\t\t\t<div class=\"elementor-widget-container\">\n\t\t\t<h5>Rechercher<\/h5>\t\t\t<div class=\"textwidget\"><\/div>\n\t\t\t\t<\/div>\n\t\t\t\t<\/div>\n\t\t\t\t<div class=\"elementor-element elementor-element-2eae0b5f elementor-widget elementor-widget-wp-widget-search\" data-id=\"2eae0b5f\" data-element_type=\"widget\" data-widget_type=\"wp-widget-search.default\">\n\t\t\t\t<div class=\"elementor-widget-container\">\n\t\t\t<form role=\"search\" class=\"bs-search search-form\" method=\"get\" action=\"https:\/\/saera.eu\/fr\/\">\n    <div class=\"search-wrap\">\n    \t<label class=\"screen-reader-text\">\n    \t\tSearch for:    \t<\/label>\n        <input type=\"search\" placeholder=\"Searching...\" name=\"s\" class=\"search-input\" value=\"\" \/>\n        <button type=\"submit\"  value=\"Search\"><i class=\"flaticon-search\"><\/i><\/button>\n    <\/div>\n<\/form>\t\t<\/div>\n\t\t\t\t<\/div>\n\t\t\t\t<div class=\"elementor-element elementor-element-55bbac5c elementor-widget elementor-widget-wp-widget-text\" data-id=\"55bbac5c\" data-element_type=\"widget\" data-widget_type=\"wp-widget-text.default\">\n\t\t\t\t<div class=\"elementor-widget-container\">\n\t\t\t<h5>Derniers Articles<\/h5>\t\t\t<div class=\"textwidget\"><\/div>\n\t\t\t\t<\/div>\n\t\t\t\t<\/div>\n\t\t\t\t<div class=\"elementor-element elementor-element-6f9d3b89 elementor-widget elementor-widget-rsblog\" data-id=\"6f9d3b89\" data-element_type=\"widget\" data-widget_type=\"rsblog.default\">\n\t\t\t\t<div class=\"elementor-widget-container\">\n\t\t\t         \r\n\t\t<div class=\"rs-blog-grid rs-blog-grid2\">            \r\n\t\t\t\r\n            <div class=\"row blog-gird-item\">\r\n                \r\n\t\t\t \t                 \r\n                         \r\n                <\/div>   \r\n                               \r\n            \t    \r\n                              \r\n\t\t<\/div>\r\n\t   \t\t<\/div>\n\t\t\t\t<\/div>\n\t\t\t\t<\/div>\n\t\t\t\t\t<\/div>\n\t\t\t\t<\/div>\n\t\t\t\t<\/div>\n\t\t","protected":false},"excerpt":{"rendered":"<p>Analyse comparative de la s\u00e9cheresse oculaire apr\u00e8s chirurgie r\u00e9fractive: LASIK vs PKR Par Elias Charbel ZIADEH, \u00e9tudiant du Master en&#8230;<\/p>\n","protected":false},"author":1,"featured_media":16521,"comment_status":"open","ping_status":"open","sticky":false,"template":"elementor_header_footer","format":"standard","meta":{"footnotes":""},"categories":[98,101],"tags":[137,105],"class_list":["post-16448","post","type-post","status-publish","format-standard","has-post-thumbnail","hentry","category-optometrie","category-these-de-master","tag-analyse-comparative-de-la-secheresse-oculaire-apres-chirurgie-refractive-lasik-vs-pkr","tag-optometrie"],"yoast_head":"<!-- This site is optimized with the Yoast SEO plugin v27.4 - https:\/\/yoast.com\/product\/yoast-seo-wordpress\/ -->\n<title>Analyse comparative de la s\u00e9cheresse oculaire apr\u00e8s chirurgie r\u00e9fractive: LASIK vs PKR<\/title>\n<meta name=\"description\" content=\"Cette \u00e9tude permet de rechercher l\u2019effet de la chirurgie r\u00e9fractive, notamment le LASIK et la PKR sur la s\u00e8cheresse oculaire.\" \/>\n<meta name=\"robots\" content=\"index, follow, max-snippet:-1, max-image-preview:large, max-video-preview:-1\" \/>\n<link rel=\"canonical\" href=\"https:\/\/saera.eu\/fr\/2025\/05\/26\/analyse-comparative-de-la-secheresse-oculaire-apres-chirurgie-refractive-lasik-vs-pkr\/\" \/>\n<meta property=\"og:locale\" content=\"fr_FR\" \/>\n<meta property=\"og:type\" content=\"article\" \/>\n<meta property=\"og:title\" content=\"Analyse comparative de la s\u00e9cheresse oculaire apr\u00e8s chirurgie r\u00e9fractive: LASIK vs PKR\" \/>\n<meta property=\"og:description\" content=\"Cette \u00e9tude permet de rechercher l\u2019effet de la chirurgie r\u00e9fractive, notamment le LASIK et la PKR sur la s\u00e8cheresse oculaire.\" \/>\n<meta property=\"og:url\" content=\"https:\/\/saera.eu\/fr\/2025\/05\/26\/analyse-comparative-de-la-secheresse-oculaire-apres-chirurgie-refractive-lasik-vs-pkr\/\" \/>\n<meta property=\"og:site_name\" content=\"Saera FR\" \/>\n<meta property=\"article:published_time\" content=\"2025-05-26T11:57:29+00:00\" \/>\n<meta property=\"article:modified_time\" content=\"2025-05-27T13:08:10+00:00\" \/>\n<meta property=\"og:image\" content=\"https:\/\/saera.eu\/fr\/wp-content\/uploads\/2025\/05\/analisis-comparativo-editada.png\" \/>\n\t<meta property=\"og:image:width\" content=\"700\" \/>\n\t<meta property=\"og:image:height\" content=\"394\" \/>\n\t<meta property=\"og:image:type\" content=\"image\/png\" \/>\n<meta name=\"author\" content=\"saeraadmin\" \/>\n<meta name=\"twitter:card\" content=\"summary_large_image\" \/>\n<meta name=\"twitter:label1\" content=\"\u00c9crit par\" \/>\n\t<meta name=\"twitter:data1\" content=\"saeraadmin\" \/>\n\t<meta name=\"twitter:label2\" content=\"Dur\u00e9e de lecture estim\u00e9e\" \/>\n\t<meta name=\"twitter:data2\" content=\"3 minutes\" \/>\n<script type=\"application\/ld+json\" class=\"yoast-schema-graph\">{\"@context\":\"https:\\\/\\\/schema.org\",\"@graph\":[{\"@type\":\"Article\",\"@id\":\"https:\\\/\\\/saera.eu\\\/fr\\\/2025\\\/05\\\/26\\\/analyse-comparative-de-la-secheresse-oculaire-apres-chirurgie-refractive-lasik-vs-pkr\\\/#article\",\"isPartOf\":{\"@id\":\"https:\\\/\\\/saera.eu\\\/fr\\\/2025\\\/05\\\/26\\\/analyse-comparative-de-la-secheresse-oculaire-apres-chirurgie-refractive-lasik-vs-pkr\\\/\"},\"author\":{\"name\":\"saeraadmin\",\"@id\":\"https:\\\/\\\/saera.eu\\\/fr\\\/#\\\/schema\\\/person\\\/c0039ce790a2e525c401d362dd7dd328\"},\"headline\":\"Analyse comparative de la s\u00e9cheresse oculaire apr\u00e8s chirurgie r\u00e9fractive: LASIK vs PKR\",\"datePublished\":\"2025-05-26T11:57:29+00:00\",\"dateModified\":\"2025-05-27T13:08:10+00:00\",\"mainEntityOfPage\":{\"@id\":\"https:\\\/\\\/saera.eu\\\/fr\\\/2025\\\/05\\\/26\\\/analyse-comparative-de-la-secheresse-oculaire-apres-chirurgie-refractive-lasik-vs-pkr\\\/\"},\"wordCount\":330,\"commentCount\":0,\"image\":{\"@id\":\"https:\\\/\\\/saera.eu\\\/fr\\\/2025\\\/05\\\/26\\\/analyse-comparative-de-la-secheresse-oculaire-apres-chirurgie-refractive-lasik-vs-pkr\\\/#primaryimage\"},\"thumbnailUrl\":\"https:\\\/\\\/saera.eu\\\/fr\\\/wp-content\\\/uploads\\\/2025\\\/05\\\/analisis-comparativo-editada.png\",\"keywords\":[\"Analyse comparative de la s\u00e9cheresse oculaire apr\u00e8s chirurgie r\u00e9fractive : LASIK vs PKR\",\"Optom\u00e9trie\"],\"articleSection\":[\"Optom\u00e9trie\",\"Th\u00e8se de Master\"],\"inLanguage\":\"fr-FR\",\"potentialAction\":[{\"@type\":\"CommentAction\",\"name\":\"Comment\",\"target\":[\"https:\\\/\\\/saera.eu\\\/fr\\\/2025\\\/05\\\/26\\\/analyse-comparative-de-la-secheresse-oculaire-apres-chirurgie-refractive-lasik-vs-pkr\\\/#respond\"]}]},{\"@type\":\"WebPage\",\"@id\":\"https:\\\/\\\/saera.eu\\\/fr\\\/2025\\\/05\\\/26\\\/analyse-comparative-de-la-secheresse-oculaire-apres-chirurgie-refractive-lasik-vs-pkr\\\/\",\"url\":\"https:\\\/\\\/saera.eu\\\/fr\\\/2025\\\/05\\\/26\\\/analyse-comparative-de-la-secheresse-oculaire-apres-chirurgie-refractive-lasik-vs-pkr\\\/\",\"name\":\"Analyse comparative de la s\u00e9cheresse oculaire apr\u00e8s chirurgie r\u00e9fractive: LASIK vs PKR\",\"isPartOf\":{\"@id\":\"https:\\\/\\\/saera.eu\\\/fr\\\/#website\"},\"primaryImageOfPage\":{\"@id\":\"https:\\\/\\\/saera.eu\\\/fr\\\/2025\\\/05\\\/26\\\/analyse-comparative-de-la-secheresse-oculaire-apres-chirurgie-refractive-lasik-vs-pkr\\\/#primaryimage\"},\"image\":{\"@id\":\"https:\\\/\\\/saera.eu\\\/fr\\\/2025\\\/05\\\/26\\\/analyse-comparative-de-la-secheresse-oculaire-apres-chirurgie-refractive-lasik-vs-pkr\\\/#primaryimage\"},\"thumbnailUrl\":\"https:\\\/\\\/saera.eu\\\/fr\\\/wp-content\\\/uploads\\\/2025\\\/05\\\/analisis-comparativo-editada.png\",\"datePublished\":\"2025-05-26T11:57:29+00:00\",\"dateModified\":\"2025-05-27T13:08:10+00:00\",\"author\":{\"@id\":\"https:\\\/\\\/saera.eu\\\/fr\\\/#\\\/schema\\\/person\\\/c0039ce790a2e525c401d362dd7dd328\"},\"description\":\"Cette \u00e9tude permet de rechercher l\u2019effet de la chirurgie r\u00e9fractive, notamment le LASIK et la PKR sur la s\u00e8cheresse oculaire.\",\"breadcrumb\":{\"@id\":\"https:\\\/\\\/saera.eu\\\/fr\\\/2025\\\/05\\\/26\\\/analyse-comparative-de-la-secheresse-oculaire-apres-chirurgie-refractive-lasik-vs-pkr\\\/#breadcrumb\"},\"inLanguage\":\"fr-FR\",\"potentialAction\":[{\"@type\":\"ReadAction\",\"target\":[\"https:\\\/\\\/saera.eu\\\/fr\\\/2025\\\/05\\\/26\\\/analyse-comparative-de-la-secheresse-oculaire-apres-chirurgie-refractive-lasik-vs-pkr\\\/\"]}]},{\"@type\":\"ImageObject\",\"inLanguage\":\"fr-FR\",\"@id\":\"https:\\\/\\\/saera.eu\\\/fr\\\/2025\\\/05\\\/26\\\/analyse-comparative-de-la-secheresse-oculaire-apres-chirurgie-refractive-lasik-vs-pkr\\\/#primaryimage\",\"url\":\"https:\\\/\\\/saera.eu\\\/fr\\\/wp-content\\\/uploads\\\/2025\\\/05\\\/analisis-comparativo-editada.png\",\"contentUrl\":\"https:\\\/\\\/saera.eu\\\/fr\\\/wp-content\\\/uploads\\\/2025\\\/05\\\/analisis-comparativo-editada.png\",\"width\":700,\"height\":394},{\"@type\":\"BreadcrumbList\",\"@id\":\"https:\\\/\\\/saera.eu\\\/fr\\\/2025\\\/05\\\/26\\\/analyse-comparative-de-la-secheresse-oculaire-apres-chirurgie-refractive-lasik-vs-pkr\\\/#breadcrumb\",\"itemListElement\":[{\"@type\":\"ListItem\",\"position\":1,\"name\":\"Portada\",\"item\":\"https:\\\/\\\/saera.eu\\\/fr\\\/\"},{\"@type\":\"ListItem\",\"position\":2,\"name\":\"Analyse comparative de la s\u00e9cheresse oculaire apr\u00e8s chirurgie r\u00e9fractive: LASIK vs PKR\"}]},{\"@type\":\"WebSite\",\"@id\":\"https:\\\/\\\/saera.eu\\\/fr\\\/#website\",\"url\":\"https:\\\/\\\/saera.eu\\\/fr\\\/\",\"name\":\"Saera FR\",\"description\":\"\u00c9cole Sup\u00e9rieure de Formation\",\"potentialAction\":[{\"@type\":\"SearchAction\",\"target\":{\"@type\":\"EntryPoint\",\"urlTemplate\":\"https:\\\/\\\/saera.eu\\\/fr\\\/?s={search_term_string}\"},\"query-input\":{\"@type\":\"PropertyValueSpecification\",\"valueRequired\":true,\"valueName\":\"search_term_string\"}}],\"inLanguage\":\"fr-FR\"},{\"@type\":\"Person\",\"@id\":\"https:\\\/\\\/saera.eu\\\/fr\\\/#\\\/schema\\\/person\\\/c0039ce790a2e525c401d362dd7dd328\",\"name\":\"saeraadmin\",\"image\":{\"@type\":\"ImageObject\",\"inLanguage\":\"fr-FR\",\"@id\":\"https:\\\/\\\/secure.gravatar.com\\\/avatar\\\/2d4b38e83084153690919ac76077c0f9908d0b73d79a6b7b331cce93a9e58610?s=96&d=mm&r=g\",\"url\":\"https:\\\/\\\/secure.gravatar.com\\\/avatar\\\/2d4b38e83084153690919ac76077c0f9908d0b73d79a6b7b331cce93a9e58610?s=96&d=mm&r=g\",\"contentUrl\":\"https:\\\/\\\/secure.gravatar.com\\\/avatar\\\/2d4b38e83084153690919ac76077c0f9908d0b73d79a6b7b331cce93a9e58610?s=96&d=mm&r=g\",\"caption\":\"saeraadmin\"},\"sameAs\":[\"https:\\\/\\\/saera.eu\\\/fr\"],\"url\":\"https:\\\/\\\/saera.eu\\\/fr\\\/author\\\/saeraadmin\\\/\"}]}<\/script>\n<!-- \/ Yoast SEO plugin. -->","yoast_head_json":{"title":"Analyse comparative de la s\u00e9cheresse oculaire apr\u00e8s chirurgie r\u00e9fractive: LASIK vs PKR","description":"Cette \u00e9tude permet de rechercher l\u2019effet de la chirurgie r\u00e9fractive, notamment le LASIK et la PKR sur la s\u00e8cheresse oculaire.","robots":{"index":"index","follow":"follow","max-snippet":"max-snippet:-1","max-image-preview":"max-image-preview:large","max-video-preview":"max-video-preview:-1"},"canonical":"https:\/\/saera.eu\/fr\/2025\/05\/26\/analyse-comparative-de-la-secheresse-oculaire-apres-chirurgie-refractive-lasik-vs-pkr\/","og_locale":"fr_FR","og_type":"article","og_title":"Analyse comparative de la s\u00e9cheresse oculaire apr\u00e8s chirurgie r\u00e9fractive: LASIK vs PKR","og_description":"Cette \u00e9tude permet de rechercher l\u2019effet de la chirurgie r\u00e9fractive, notamment le LASIK et la PKR sur la s\u00e8cheresse oculaire.","og_url":"https:\/\/saera.eu\/fr\/2025\/05\/26\/analyse-comparative-de-la-secheresse-oculaire-apres-chirurgie-refractive-lasik-vs-pkr\/","og_site_name":"Saera FR","article_published_time":"2025-05-26T11:57:29+00:00","article_modified_time":"2025-05-27T13:08:10+00:00","og_image":[{"width":700,"height":394,"url":"https:\/\/saera.eu\/fr\/wp-content\/uploads\/2025\/05\/analisis-comparativo-editada.png","type":"image\/png"}],"author":"saeraadmin","twitter_card":"summary_large_image","twitter_misc":{"\u00c9crit par":"saeraadmin","Dur\u00e9e de lecture estim\u00e9e":"3 minutes"},"schema":{"@context":"https:\/\/schema.org","@graph":[{"@type":"Article","@id":"https:\/\/saera.eu\/fr\/2025\/05\/26\/analyse-comparative-de-la-secheresse-oculaire-apres-chirurgie-refractive-lasik-vs-pkr\/#article","isPartOf":{"@id":"https:\/\/saera.eu\/fr\/2025\/05\/26\/analyse-comparative-de-la-secheresse-oculaire-apres-chirurgie-refractive-lasik-vs-pkr\/"},"author":{"name":"saeraadmin","@id":"https:\/\/saera.eu\/fr\/#\/schema\/person\/c0039ce790a2e525c401d362dd7dd328"},"headline":"Analyse comparative de la s\u00e9cheresse oculaire apr\u00e8s chirurgie r\u00e9fractive: LASIK vs PKR","datePublished":"2025-05-26T11:57:29+00:00","dateModified":"2025-05-27T13:08:10+00:00","mainEntityOfPage":{"@id":"https:\/\/saera.eu\/fr\/2025\/05\/26\/analyse-comparative-de-la-secheresse-oculaire-apres-chirurgie-refractive-lasik-vs-pkr\/"},"wordCount":330,"commentCount":0,"image":{"@id":"https:\/\/saera.eu\/fr\/2025\/05\/26\/analyse-comparative-de-la-secheresse-oculaire-apres-chirurgie-refractive-lasik-vs-pkr\/#primaryimage"},"thumbnailUrl":"https:\/\/saera.eu\/fr\/wp-content\/uploads\/2025\/05\/analisis-comparativo-editada.png","keywords":["Analyse comparative de la s\u00e9cheresse oculaire apr\u00e8s chirurgie r\u00e9fractive : LASIK vs PKR","Optom\u00e9trie"],"articleSection":["Optom\u00e9trie","Th\u00e8se de Master"],"inLanguage":"fr-FR","potentialAction":[{"@type":"CommentAction","name":"Comment","target":["https:\/\/saera.eu\/fr\/2025\/05\/26\/analyse-comparative-de-la-secheresse-oculaire-apres-chirurgie-refractive-lasik-vs-pkr\/#respond"]}]},{"@type":"WebPage","@id":"https:\/\/saera.eu\/fr\/2025\/05\/26\/analyse-comparative-de-la-secheresse-oculaire-apres-chirurgie-refractive-lasik-vs-pkr\/","url":"https:\/\/saera.eu\/fr\/2025\/05\/26\/analyse-comparative-de-la-secheresse-oculaire-apres-chirurgie-refractive-lasik-vs-pkr\/","name":"Analyse comparative de la s\u00e9cheresse oculaire apr\u00e8s chirurgie r\u00e9fractive: LASIK vs PKR","isPartOf":{"@id":"https:\/\/saera.eu\/fr\/#website"},"primaryImageOfPage":{"@id":"https:\/\/saera.eu\/fr\/2025\/05\/26\/analyse-comparative-de-la-secheresse-oculaire-apres-chirurgie-refractive-lasik-vs-pkr\/#primaryimage"},"image":{"@id":"https:\/\/saera.eu\/fr\/2025\/05\/26\/analyse-comparative-de-la-secheresse-oculaire-apres-chirurgie-refractive-lasik-vs-pkr\/#primaryimage"},"thumbnailUrl":"https:\/\/saera.eu\/fr\/wp-content\/uploads\/2025\/05\/analisis-comparativo-editada.png","datePublished":"2025-05-26T11:57:29+00:00","dateModified":"2025-05-27T13:08:10+00:00","author":{"@id":"https:\/\/saera.eu\/fr\/#\/schema\/person\/c0039ce790a2e525c401d362dd7dd328"},"description":"Cette \u00e9tude permet de rechercher l\u2019effet de la chirurgie r\u00e9fractive, notamment le LASIK et la PKR sur la s\u00e8cheresse oculaire.","breadcrumb":{"@id":"https:\/\/saera.eu\/fr\/2025\/05\/26\/analyse-comparative-de-la-secheresse-oculaire-apres-chirurgie-refractive-lasik-vs-pkr\/#breadcrumb"},"inLanguage":"fr-FR","potentialAction":[{"@type":"ReadAction","target":["https:\/\/saera.eu\/fr\/2025\/05\/26\/analyse-comparative-de-la-secheresse-oculaire-apres-chirurgie-refractive-lasik-vs-pkr\/"]}]},{"@type":"ImageObject","inLanguage":"fr-FR","@id":"https:\/\/saera.eu\/fr\/2025\/05\/26\/analyse-comparative-de-la-secheresse-oculaire-apres-chirurgie-refractive-lasik-vs-pkr\/#primaryimage","url":"https:\/\/saera.eu\/fr\/wp-content\/uploads\/2025\/05\/analisis-comparativo-editada.png","contentUrl":"https:\/\/saera.eu\/fr\/wp-content\/uploads\/2025\/05\/analisis-comparativo-editada.png","width":700,"height":394},{"@type":"BreadcrumbList","@id":"https:\/\/saera.eu\/fr\/2025\/05\/26\/analyse-comparative-de-la-secheresse-oculaire-apres-chirurgie-refractive-lasik-vs-pkr\/#breadcrumb","itemListElement":[{"@type":"ListItem","position":1,"name":"Portada","item":"https:\/\/saera.eu\/fr\/"},{"@type":"ListItem","position":2,"name":"Analyse comparative de la s\u00e9cheresse oculaire apr\u00e8s chirurgie r\u00e9fractive: LASIK vs PKR"}]},{"@type":"WebSite","@id":"https:\/\/saera.eu\/fr\/#website","url":"https:\/\/saera.eu\/fr\/","name":"Saera FR","description":"\u00c9cole Sup\u00e9rieure de Formation","potentialAction":[{"@type":"SearchAction","target":{"@type":"EntryPoint","urlTemplate":"https:\/\/saera.eu\/fr\/?s={search_term_string}"},"query-input":{"@type":"PropertyValueSpecification","valueRequired":true,"valueName":"search_term_string"}}],"inLanguage":"fr-FR"},{"@type":"Person","@id":"https:\/\/saera.eu\/fr\/#\/schema\/person\/c0039ce790a2e525c401d362dd7dd328","name":"saeraadmin","image":{"@type":"ImageObject","inLanguage":"fr-FR","@id":"https:\/\/secure.gravatar.com\/avatar\/2d4b38e83084153690919ac76077c0f9908d0b73d79a6b7b331cce93a9e58610?s=96&d=mm&r=g","url":"https:\/\/secure.gravatar.com\/avatar\/2d4b38e83084153690919ac76077c0f9908d0b73d79a6b7b331cce93a9e58610?s=96&d=mm&r=g","contentUrl":"https:\/\/secure.gravatar.com\/avatar\/2d4b38e83084153690919ac76077c0f9908d0b73d79a6b7b331cce93a9e58610?s=96&d=mm&r=g","caption":"saeraadmin"},"sameAs":["https:\/\/saera.eu\/fr"],"url":"https:\/\/saera.eu\/fr\/author\/saeraadmin\/"}]}},"_links":{"self":[{"href":"https:\/\/saera.eu\/fr\/wp-json\/wp\/v2\/posts\/16448","targetHints":{"allow":["GET"]}}],"collection":[{"href":"https:\/\/saera.eu\/fr\/wp-json\/wp\/v2\/posts"}],"about":[{"href":"https:\/\/saera.eu\/fr\/wp-json\/wp\/v2\/types\/post"}],"author":[{"embeddable":true,"href":"https:\/\/saera.eu\/fr\/wp-json\/wp\/v2\/users\/1"}],"replies":[{"embeddable":true,"href":"https:\/\/saera.eu\/fr\/wp-json\/wp\/v2\/comments?post=16448"}],"version-history":[{"count":4,"href":"https:\/\/saera.eu\/fr\/wp-json\/wp\/v2\/posts\/16448\/revisions"}],"predecessor-version":[{"id":16456,"href":"https:\/\/saera.eu\/fr\/wp-json\/wp\/v2\/posts\/16448\/revisions\/16456"}],"wp:featuredmedia":[{"embeddable":true,"href":"https:\/\/saera.eu\/fr\/wp-json\/wp\/v2\/media\/16521"}],"wp:attachment":[{"href":"https:\/\/saera.eu\/fr\/wp-json\/wp\/v2\/media?parent=16448"}],"wp:term":[{"taxonomy":"category","embeddable":true,"href":"https:\/\/saera.eu\/fr\/wp-json\/wp\/v2\/categories?post=16448"},{"taxonomy":"post_tag","embeddable":true,"href":"https:\/\/saera.eu\/fr\/wp-json\/wp\/v2\/tags?post=16448"}],"curies":[{"name":"wp","href":"https:\/\/api.w.org\/{rel}","templated":true}]}}