{"id":13803,"date":"2024-08-20T16:28:47","date_gmt":"2024-08-20T14:28:47","guid":{"rendered":"https:\/\/saera.eu\/fr\/?p=13803"},"modified":"2025-05-27T16:41:57","modified_gmt":"2025-05-27T14:41:57","slug":"la-coordimetrie-un-allie-pour-letude-des-desequilibres-oculomoteurs","status":"publish","type":"post","link":"https:\/\/saera.eu\/fr\/2024\/08\/20\/la-coordimetrie-un-allie-pour-letude-des-desequilibres-oculomoteurs\/","title":{"rendered":"La Coordim\u00e8trie un alli\u00e9 pour l\u2019\u00e9tude des d\u00e9s\u00e9quilibres oculomoteurs"},"content":{"rendered":"\t\t<div data-elementor-type=\"wp-post\" data-elementor-id=\"13803\" class=\"elementor elementor-13803\" data-elementor-post-type=\"post\">\n\t\t\t\t<div class=\"elementor-element elementor-element-3bbf5a2d e-flex e-con-boxed e-con e-parent\" data-id=\"3bbf5a2d\" data-element_type=\"container\">\n\t\t\t\t\t<div class=\"e-con-inner\">\n\t\t<div class=\"elementor-element elementor-element-62c93aea e-con-full e-flex e-con e-child\" data-id=\"62c93aea\" data-element_type=\"container\">\n\t\t<div class=\"elementor-element elementor-element-10ac855c e-flex e-con-boxed e-con e-child\" data-id=\"10ac855c\" data-element_type=\"container\">\n\t\t\t\t\t<div class=\"e-con-inner\">\n\t\t\t\t<div class=\"elementor-element elementor-element-71dedd68 elementor-widget elementor-widget-spacer\" data-id=\"71dedd68\" data-element_type=\"widget\" data-widget_type=\"spacer.default\">\n\t\t\t\t<div class=\"elementor-widget-container\">\n\t\t\t\t\t<div class=\"elementor-spacer\">\n\t\t\t<div class=\"elementor-spacer-inner\"><\/div>\n\t\t<\/div>\n\t\t\t\t<\/div>\n\t\t\t\t<\/div>\n\t\t\t\t<div class=\"elementor-element elementor-element-5474a90f elementor-widget elementor-widget-text-editor\" data-id=\"5474a90f\" data-element_type=\"widget\" data-widget_type=\"text-editor.default\">\n\t\t\t\t<div class=\"elementor-widget-container\">\n\t\t\t\t\t\t\t<h2 class=\"elementor-heading-title elementor-size-default\"><span style=\"color: #000080;\">La Coordim\u00e8trie un alli\u00e9 pour l\u2019\u00e9tude des d\u00e9s\u00e9quilibres oculomoteurs<\/span><\/h2>\t\t\t\t\t\t<\/div>\n\t\t\t\t<\/div>\n\t\t\t\t<div class=\"elementor-element elementor-element-c8da878 elementor-align-right elementor-widget elementor-widget-post-info\" data-id=\"c8da878\" data-element_type=\"widget\" data-widget_type=\"post-info.default\">\n\t\t\t\t<div class=\"elementor-widget-container\">\n\t\t\t\t\t<ul class=\"elementor-inline-items elementor-icon-list-items elementor-post-info\">\n\t\t\t\t\t\t\t\t<li class=\"elementor-icon-list-item elementor-repeater-item-f8edb24 elementor-inline-item\" itemprop=\"datePublished\">\n\t\t\t\t\t\t<a href=\"https:\/\/saera.eu\/fr\/2024\/08\/20\/\">\n\t\t\t\t\t\t\t\t\t\t\t<span class=\"elementor-icon-list-icon\">\n\t\t\t\t\t\t\t\t<svg aria-hidden=\"true\" class=\"e-font-icon-svg e-fas-calendar\" viewBox=\"0 0 448 512\" xmlns=\"http:\/\/www.w3.org\/2000\/svg\"><path d=\"M12 192h424c6.6 0 12 5.4 12 12v260c0 26.5-21.5 48-48 48H48c-26.5 0-48-21.5-48-48V204c0-6.6 5.4-12 12-12zm436-44v-36c0-26.5-21.5-48-48-48h-48V12c0-6.6-5.4-12-12-12h-40c-6.6 0-12 5.4-12 12v52H160V12c0-6.6-5.4-12-12-12h-40c-6.6 0-12 5.4-12 12v52H48C21.5 64 0 85.5 0 112v36c0 6.6 5.4 12 12 12h424c6.6 0 12-5.4 12-12z\"><\/path><\/svg>\t\t\t\t\t\t\t<\/span>\n\t\t\t\t\t\t\t\t\t<span class=\"elementor-icon-list-text elementor-post-info__item elementor-post-info__item--type-date\">\n\t\t\t\t\t\t\t\t\t\t<time>20\/08\/2024<\/time>\t\t\t\t\t<\/span>\n\t\t\t\t\t\t\t\t\t<\/a>\n\t\t\t\t<\/li>\n\t\t\t\t<\/ul>\n\t\t\t\t<\/div>\n\t\t\t\t<\/div>\n\t\t\t\t<div class=\"elementor-element elementor-element-190f05e0 elementor-widget elementor-widget-text-editor\" data-id=\"190f05e0\" data-element_type=\"widget\" data-widget_type=\"text-editor.default\">\n\t\t\t\t<div class=\"elementor-widget-container\">\n\t\t\t\t\t\t\t<h3><!-- wp:paragraph {\"align\":\"right\"} --><\/h3>\n<p class=\"has-text-align-right\">Par <strong>L\u00e9a Bouga<\/strong><strong>, <\/strong>\u00e9tudiant du <a href=\"https:\/\/saerainternational.com\/index.php\/https-saera-eu-fr-master-optometrie-clinique-et-therapie-visuelle\/\">Master en Optom\u00e9trie Clinique et T\u00e9rapie Visuelle<\/a><\/p>\n<p><!-- \/wp:paragraph --><!-- wp:paragraph --><\/p>\n<h3><strong>R\u00e9sum\u00e9<\/strong><\/h3>\n<p><!-- \/wp:paragraph --><!-- wp:paragraph --><\/p>\n<div class=\"elementor-element elementor-element-54754da5 elementor-widget elementor-widget-heading\" data-id=\"54754da5\" data-element_type=\"widget\" data-widget_type=\"heading.default\">\n<div class=\"elementor-widget-container\">\n<h3 class=\"elementor-heading-title elementor-size-small\" style=\"text-align: justify;\">1. D\u00e9finition et pr\u00e9sentation<\/h3>\n<\/div>\n<\/div>\n<div class=\"elementor-element elementor-element-34721b77 elementor-widget elementor-widget-text-editor\" data-id=\"34721b77\" data-element_type=\"widget\" data-widget_type=\"text-editor.default\">\n<div class=\"elementor-widget-container\">\n<p style=\"text-align: justify;\">\u00ab\u00a0Le Coordim\u00e8tre est un appareillage haplo-scopique servant \u00e0 l\u2019\u00e9tude de la motilit\u00e9 oculaire et \u00e0 la mesure de la d\u00e9viation strabique selon les directions du regard\u00a0\u00bb<\/p>\n<p style=\"text-align: justify;\">(Dictionnaire m\u00e9dical de l\u2019Acad\u00e9mie de M\u00e9decine, 2023).<\/p>\n<p style=\"text-align: justify;\">Le Coordim\u00e8tre a \u00e9t\u00e9 cr\u00e9\u00e9 en 1909 par le Dr. Hess, figure 1 (le patient portait des filtres R\/V compl\u00e9mentaires, il y avait un tableau noir de 80 cm de c\u00f4t\u00e9 avec une projection de Mercator (division par m\u00e9ridiens et parall\u00e8les) mat\u00e9rialis\u00e9s en rouge et tiens une baguette de 50cm munie d\u2019un index vert \u00e0 superposer successivement).<\/p>\n<p style=\"text-align: justify;\">Au gr\u00e9 d\u2019am\u00e9liorations est n\u00e9 le HESS-LESS, figure 2 (deux \u00e9crans plac\u00e9s \u00e0 90\u00b0 optiquement confondus gr\u00e2ce \u00e0 un miroir, un \u00e9cran avec les points cardinaux et le patient superpose les points avec l\u2019extr\u00e9mit\u00e9 d\u2019une baguette) puis le HESS-LANCASTER, figure 3 (le patient portait des filtres R\/V compl\u00e9mentaires associ\u00e9 \u00e0 deux torches lumineuses R\/V, l\u2019examinateur place la torche verte sur les points cardinaux et le patient les superpose en pla\u00e7ant la torche rouge).<\/p>\n<\/div>\n<\/div>\n<p>            <div class=\"ppv_wrapper ppv_container\" style=\"position: relative;width:100%; height:600px;\">\n                <div class=\"ppv-loading\">PDF Loading&#8230;<\/div>\n                <iframe id=\"s_pdf_frame\" src=\"\/\/docs.google.com\/gview?embedded=true&#038;url=https:\/\/saera.eu\/fr\/wp-content\/uploads\/2025\/05\/Activite-1-Lea-Bouga.pdf\" style=\"float:left; padding:10px;width:100%; height:600px;\" frameborder=\"0\"><\/iframe>\n                            <\/div>\n            \n            \u00a0<\/p>\n<p>\u00a0<\/p>\n<p><!-- \/wp:paragraph --><!-- wp:shortcode --><\/p>\n<p><!-- \/wp:shortcode --><!-- wp:paragraph --><\/p>\n<p><!-- \/wp:paragraph --><\/p>\t\t\t\t\t\t<\/div>\n\t\t\t\t<\/div>\n\t\t\t\t<div class=\"elementor-element elementor-element-120d8a82 elementor-widget elementor-widget-text-editor\" data-id=\"120d8a82\" data-element_type=\"widget\" data-widget_type=\"text-editor.default\">\n\t\t\t\t<div class=\"elementor-widget-container\">\n\t\t\t\t\t\t\t<p style=\"text-align: justify;\"><a href=\"https:\/\/saera.eu\/fr\/wp-content\/uploads\/2025\/05\/Activite-1-Lea-Bouga.pdf\">T\u00e9l\u00e9charger le dossier complet sur le lien suivant: L\u00e9a Bouga (2023). La Coordim\u00e8trie un alli\u00e9 pour l\u2019\u00e9tude des d\u00e9s\u00e9quilibres oculomoteurs. SAERA &#8211; School of Advanced Education, Research and Accreditation..<\/a><\/p>\t\t\t\t\t\t<\/div>\n\t\t\t\t<\/div>\n\t\t\t\t\t<\/div>\n\t\t\t\t<\/div>\n\t\t\t\t<\/div>\n\t\t<div class=\"elementor-element elementor-element-2e81da00 e-con-full e-flex e-con e-child\" data-id=\"2e81da00\" data-element_type=\"container\">\n\t\t\t\t<div class=\"elementor-element elementor-element-15173e11 elementor-widget elementor-widget-spacer\" data-id=\"15173e11\" data-element_type=\"widget\" data-widget_type=\"spacer.default\">\n\t\t\t\t<div class=\"elementor-widget-container\">\n\t\t\t\t\t<div class=\"elementor-spacer\">\n\t\t\t<div class=\"elementor-spacer-inner\"><\/div>\n\t\t<\/div>\n\t\t\t\t<\/div>\n\t\t\t\t<\/div>\n\t\t\t\t<div class=\"elementor-element elementor-element-23bc017e elementor-widget elementor-widget-wp-widget-text\" data-id=\"23bc017e\" data-element_type=\"widget\" data-widget_type=\"wp-widget-text.default\">\n\t\t\t\t<div class=\"elementor-widget-container\">\n\t\t\t<h5>Consultez notre offre de formation<\/h5>\t\t\t<div class=\"textwidget\"><\/div>\n\t\t\t\t<\/div>\n\t\t\t\t<\/div>\n\t\t<div class=\"elementor-element elementor-element-650df7c0 e-grid e-con-boxed e-con e-child\" data-id=\"650df7c0\" data-element_type=\"container\">\n\t\t\t\t\t<div class=\"e-con-inner\">\n\t\t\t\t<div class=\"elementor-element elementor-element-1c31fc94 elementor-position-top elementor-widget elementor-widget-image-box\" data-id=\"1c31fc94\" data-element_type=\"widget\" data-widget_type=\"image-box.default\">\n\t\t\t\t<div class=\"elementor-widget-container\">\n\t\t\t<div class=\"elementor-image-box-wrapper\"><figure class=\"elementor-image-box-img\"><a href=\"https:\/\/www.saera.eu\/audiologia\/\" tabindex=\"-1\"><img fetchpriority=\"high\" decoding=\"async\" width=\"300\" height=\"300\" src=\"https:\/\/saera.eu\/fr\/wp-content\/uploads\/2024\/08\/oreja_cuadrado-1-300x300.jpg\" class=\"attachment-medium size-medium wp-image-12793\" alt=\"\" srcset=\"https:\/\/saera.eu\/fr\/wp-content\/uploads\/2024\/08\/oreja_cuadrado-1-300x300.jpg 300w, https:\/\/saera.eu\/fr\/wp-content\/uploads\/2024\/08\/oreja_cuadrado-1-150x150.jpg 150w, https:\/\/saera.eu\/fr\/wp-content\/uploads\/2024\/08\/oreja_cuadrado-1-120x120.jpg 120w, https:\/\/saera.eu\/fr\/wp-content\/uploads\/2024\/08\/oreja_cuadrado-1-220x220.jpg 220w, https:\/\/saera.eu\/fr\/wp-content\/uploads\/2024\/08\/oreja_cuadrado-1-390x390.jpg 390w, https:\/\/saera.eu\/fr\/wp-content\/uploads\/2024\/08\/oreja_cuadrado-1.jpg 500w\" sizes=\"(max-width: 300px) 100vw, 300px\" \/><\/a><\/figure><div class=\"elementor-image-box-content\"><h4 class=\"elementor-image-box-title\"><a href=\"https:\/\/www.saera.eu\/audiologia\/\">Audiologie<\/a><\/h4><\/div><\/div>\t\t<\/div>\n\t\t\t\t<\/div>\n\t\t\t\t<div class=\"elementor-element elementor-element-d2a6e54 elementor-position-top elementor-widget elementor-widget-image-box\" data-id=\"d2a6e54\" data-element_type=\"widget\" data-widget_type=\"image-box.default\">\n\t\t\t\t<div class=\"elementor-widget-container\">\n\t\t\t<div class=\"elementor-image-box-wrapper\"><figure class=\"elementor-image-box-img\"><a href=\"https:\/\/saera.eu\/fonoaudiologia\/\" tabindex=\"-1\"><img decoding=\"async\" width=\"300\" height=\"300\" src=\"https:\/\/saera.eu\/fr\/wp-content\/uploads\/2024\/08\/Fonoaudiologia-1-300x300.jpg\" class=\"attachment-medium size-medium wp-image-12784\" alt=\"\" srcset=\"https:\/\/saera.eu\/fr\/wp-content\/uploads\/2024\/08\/Fonoaudiologia-1-300x300.jpg 300w, https:\/\/saera.eu\/fr\/wp-content\/uploads\/2024\/08\/Fonoaudiologia-1-150x150.jpg 150w, https:\/\/saera.eu\/fr\/wp-content\/uploads\/2024\/08\/Fonoaudiologia-1-120x120.jpg 120w, https:\/\/saera.eu\/fr\/wp-content\/uploads\/2024\/08\/Fonoaudiologia-1-220x220.jpg 220w, https:\/\/saera.eu\/fr\/wp-content\/uploads\/2024\/08\/Fonoaudiologia-1-390x390.jpg 390w, https:\/\/saera.eu\/fr\/wp-content\/uploads\/2024\/08\/Fonoaudiologia-1.jpg 500w\" sizes=\"(max-width: 300px) 100vw, 300px\" \/><\/a><\/figure><div class=\"elementor-image-box-content\"><h4 class=\"elementor-image-box-title\"><a href=\"https:\/\/saera.eu\/fonoaudiologia\/\">Logop\u00e9die<\/a><\/h4><\/div><\/div>\t\t<\/div>\n\t\t\t\t<\/div>\n\t\t\t\t<div class=\"elementor-element elementor-element-724bee12 elementor-position-top elementor-widget elementor-widget-image-box\" data-id=\"724bee12\" data-element_type=\"widget\" data-widget_type=\"image-box.default\">\n\t\t\t\t<div class=\"elementor-widget-container\">\n\t\t\t<div class=\"elementor-image-box-wrapper\"><figure class=\"elementor-image-box-img\"><a href=\"https:\/\/saera.eu\/neurociencias\/\" tabindex=\"-1\"><img decoding=\"async\" width=\"300\" height=\"300\" src=\"https:\/\/saera.eu\/fr\/wp-content\/uploads\/2024\/08\/cerebro_cuadrado-1-300x300.jpg\" class=\"attachment-medium size-medium wp-image-12788\" alt=\"\" srcset=\"https:\/\/saera.eu\/fr\/wp-content\/uploads\/2024\/08\/cerebro_cuadrado-1-300x300.jpg 300w, https:\/\/saera.eu\/fr\/wp-content\/uploads\/2024\/08\/cerebro_cuadrado-1-150x150.jpg 150w, https:\/\/saera.eu\/fr\/wp-content\/uploads\/2024\/08\/cerebro_cuadrado-1-120x120.jpg 120w, https:\/\/saera.eu\/fr\/wp-content\/uploads\/2024\/08\/cerebro_cuadrado-1-220x220.jpg 220w, https:\/\/saera.eu\/fr\/wp-content\/uploads\/2024\/08\/cerebro_cuadrado-1-390x390.jpg 390w, https:\/\/saera.eu\/fr\/wp-content\/uploads\/2024\/08\/cerebro_cuadrado-1.jpg 500w\" sizes=\"(max-width: 300px) 100vw, 300px\" \/><\/a><\/figure><div class=\"elementor-image-box-content\"><h4 class=\"elementor-image-box-title\"><a href=\"https:\/\/saera.eu\/neurociencias\/\">Neurosciences<\/a><\/h4><\/div><\/div>\t\t<\/div>\n\t\t\t\t<\/div>\n\t\t\t\t<div class=\"elementor-element elementor-element-1b246a6 elementor-position-top elementor-widget elementor-widget-image-box\" data-id=\"1b246a6\" data-element_type=\"widget\" data-widget_type=\"image-box.default\">\n\t\t\t\t<div class=\"elementor-widget-container\">\n\t\t\t<div class=\"elementor-image-box-wrapper\"><figure class=\"elementor-image-box-img\"><a href=\"https:\/\/saera.eu\/optometria\/\" tabindex=\"-1\"><img loading=\"lazy\" decoding=\"async\" width=\"300\" height=\"300\" src=\"https:\/\/saera.eu\/fr\/wp-content\/uploads\/2024\/08\/ojo_cuadrado-1-300x300.jpg\" class=\"attachment-medium size-medium wp-image-12786\" alt=\"\" srcset=\"https:\/\/saera.eu\/fr\/wp-content\/uploads\/2024\/08\/ojo_cuadrado-1-300x300.jpg 300w, https:\/\/saera.eu\/fr\/wp-content\/uploads\/2024\/08\/ojo_cuadrado-1-150x150.jpg 150w, https:\/\/saera.eu\/fr\/wp-content\/uploads\/2024\/08\/ojo_cuadrado-1-120x120.jpg 120w, https:\/\/saera.eu\/fr\/wp-content\/uploads\/2024\/08\/ojo_cuadrado-1-220x220.jpg 220w, https:\/\/saera.eu\/fr\/wp-content\/uploads\/2024\/08\/ojo_cuadrado-1-390x390.jpg 390w, https:\/\/saera.eu\/fr\/wp-content\/uploads\/2024\/08\/ojo_cuadrado-1.jpg 500w\" sizes=\"(max-width: 300px) 100vw, 300px\" \/><\/a><\/figure><div class=\"elementor-image-box-content\"><h4 class=\"elementor-image-box-title\"><a href=\"https:\/\/saera.eu\/optometria\/\">Optom\u00e9trie<\/a><\/h4><\/div><\/div>\t\t<\/div>\n\t\t\t\t<\/div>\n\t\t\t\t\t<\/div>\n\t\t\t\t<\/div>\n\t\t\t\t<div class=\"elementor-element elementor-element-606e3e35 elementor-widget elementor-widget-wp-widget-text\" data-id=\"606e3e35\" data-element_type=\"widget\" data-widget_type=\"wp-widget-text.default\">\n\t\t\t\t<div class=\"elementor-widget-container\">\n\t\t\t<h5>Rechercher<\/h5>\t\t\t<div class=\"textwidget\"><\/div>\n\t\t\t\t<\/div>\n\t\t\t\t<\/div>\n\t\t\t\t<div class=\"elementor-element elementor-element-412de2dd elementor-widget elementor-widget-wp-widget-search\" data-id=\"412de2dd\" data-element_type=\"widget\" data-widget_type=\"wp-widget-search.default\">\n\t\t\t\t<div class=\"elementor-widget-container\">\n\t\t\t<form role=\"search\" class=\"bs-search search-form\" method=\"get\" action=\"https:\/\/saera.eu\/fr\/\">\n    <div class=\"search-wrap\">\n    \t<label class=\"screen-reader-text\">\n    \t\tSearch for:    \t<\/label>\n        <input type=\"search\" placeholder=\"Searching...\" name=\"s\" class=\"search-input\" value=\"\" \/>\n        <button type=\"submit\"  value=\"Search\"><i class=\"flaticon-search\"><\/i><\/button>\n    <\/div>\n<\/form>\t\t<\/div>\n\t\t\t\t<\/div>\n\t\t\t\t<div class=\"elementor-element elementor-element-84c2c2d elementor-widget elementor-widget-wp-widget-text\" data-id=\"84c2c2d\" data-element_type=\"widget\" data-widget_type=\"wp-widget-text.default\">\n\t\t\t\t<div class=\"elementor-widget-container\">\n\t\t\t<h5>Derniers Articles<\/h5>\t\t\t<div class=\"textwidget\"><\/div>\n\t\t\t\t<\/div>\n\t\t\t\t<\/div>\n\t\t\t\t<div class=\"elementor-element elementor-element-668cf042 elementor-widget elementor-widget-rsblog\" data-id=\"668cf042\" data-element_type=\"widget\" data-widget_type=\"rsblog.default\">\n\t\t\t\t<div class=\"elementor-widget-container\">\n\t\t\t         \r\n\t\t<div class=\"rs-blog-grid rs-blog-grid2\">            \r\n\t\t\t\r\n            <div class=\"row blog-gird-item\">\r\n                \r\n\t\t\t \t                 \r\n                         \r\n                <\/div>   \r\n                               \r\n            \t    \r\n                              \r\n\t\t<\/div>\r\n\t   \t\t<\/div>\n\t\t\t\t<\/div>\n\t\t\t\t<\/div>\n\t\t\t\t\t<\/div>\n\t\t\t\t<\/div>\n\t\t\t\t<\/div>\n\t\t","protected":false},"excerpt":{"rendered":"<p>La Coordim\u00e8trie un alli\u00e9 pour l\u2019\u00e9tude des d\u00e9s\u00e9quilibres oculomoteurs Par L\u00e9a Bouga, \u00e9tudiant du Master en Optom\u00e9trie Clinique et T\u00e9rapie&#8230;<\/p>\n","protected":false},"author":1,"featured_media":16540,"comment_status":"open","ping_status":"open","sticky":false,"template":"elementor_header_footer","format":"standard","meta":{"footnotes":""},"categories":[98],"tags":[],"class_list":["post-13803","post","type-post","status-publish","format-standard","has-post-thumbnail","hentry","category-optometrie"],"yoast_head":"<!-- This site is optimized with the Yoast SEO plugin v27.4 - https:\/\/yoast.com\/product\/yoast-seo-wordpress\/ -->\n<title>La Coordim\u00e8trie un alli\u00e9 pour l\u2019\u00e9tude des d\u00e9s\u00e9quilibres oculomoteurs - Saera FR<\/title>\n<meta name=\"robots\" content=\"index, follow, max-snippet:-1, max-image-preview:large, max-video-preview:-1\" \/>\n<link rel=\"canonical\" href=\"https:\/\/saera.eu\/fr\/2024\/08\/20\/la-coordimetrie-un-allie-pour-letude-des-desequilibres-oculomoteurs\/\" \/>\n<meta property=\"og:locale\" content=\"fr_FR\" \/>\n<meta property=\"og:type\" content=\"article\" \/>\n<meta property=\"og:title\" content=\"La Coordim\u00e8trie un alli\u00e9 pour l\u2019\u00e9tude des d\u00e9s\u00e9quilibres oculomoteurs - Saera FR\" \/>\n<meta property=\"og:description\" content=\"La Coordim\u00e8trie un alli\u00e9 pour l\u2019\u00e9tude des d\u00e9s\u00e9quilibres oculomoteurs Par L\u00e9a Bouga, \u00e9tudiant du Master en Optom\u00e9trie Clinique et T\u00e9rapie...\" \/>\n<meta property=\"og:url\" content=\"https:\/\/saera.eu\/fr\/2024\/08\/20\/la-coordimetrie-un-allie-pour-letude-des-desequilibres-oculomoteurs\/\" \/>\n<meta property=\"og:site_name\" content=\"Saera FR\" \/>\n<meta property=\"article:published_time\" content=\"2024-08-20T14:28:47+00:00\" \/>\n<meta property=\"article:modified_time\" content=\"2025-05-27T14:41:57+00:00\" \/>\n<meta property=\"og:image\" content=\"https:\/\/saera.eu\/fr\/wp-content\/uploads\/2024\/08\/coordimetria-editada.png\" \/>\n\t<meta property=\"og:image:width\" content=\"700\" \/>\n\t<meta property=\"og:image:height\" content=\"394\" \/>\n\t<meta property=\"og:image:type\" content=\"image\/png\" \/>\n<meta name=\"author\" content=\"saeraadmin\" \/>\n<meta name=\"twitter:card\" content=\"summary_large_image\" \/>\n<meta name=\"twitter:label1\" content=\"\u00c9crit par\" \/>\n\t<meta name=\"twitter:data1\" content=\"saeraadmin\" \/>\n\t<meta name=\"twitter:label2\" content=\"Dur\u00e9e de lecture estim\u00e9e\" \/>\n\t<meta name=\"twitter:data2\" content=\"3 minutes\" \/>\n<script type=\"application\/ld+json\" class=\"yoast-schema-graph\">{\"@context\":\"https:\\\/\\\/schema.org\",\"@graph\":[{\"@type\":\"Article\",\"@id\":\"https:\\\/\\\/saera.eu\\\/fr\\\/2024\\\/08\\\/20\\\/la-coordimetrie-un-allie-pour-letude-des-desequilibres-oculomoteurs\\\/#article\",\"isPartOf\":{\"@id\":\"https:\\\/\\\/saera.eu\\\/fr\\\/2024\\\/08\\\/20\\\/la-coordimetrie-un-allie-pour-letude-des-desequilibres-oculomoteurs\\\/\"},\"author\":{\"name\":\"saeraadmin\",\"@id\":\"https:\\\/\\\/saera.eu\\\/fr\\\/#\\\/schema\\\/person\\\/c0039ce790a2e525c401d362dd7dd328\"},\"headline\":\"La Coordim\u00e8trie un alli\u00e9 pour l\u2019\u00e9tude des d\u00e9s\u00e9quilibres oculomoteurs\",\"datePublished\":\"2024-08-20T14:28:47+00:00\",\"dateModified\":\"2025-05-27T14:41:57+00:00\",\"mainEntityOfPage\":{\"@id\":\"https:\\\/\\\/saera.eu\\\/fr\\\/2024\\\/08\\\/20\\\/la-coordimetrie-un-allie-pour-letude-des-desequilibres-oculomoteurs\\\/\"},\"wordCount\":269,\"commentCount\":0,\"image\":{\"@id\":\"https:\\\/\\\/saera.eu\\\/fr\\\/2024\\\/08\\\/20\\\/la-coordimetrie-un-allie-pour-letude-des-desequilibres-oculomoteurs\\\/#primaryimage\"},\"thumbnailUrl\":\"https:\\\/\\\/saera.eu\\\/fr\\\/wp-content\\\/uploads\\\/2024\\\/08\\\/coordimetria-editada.png\",\"articleSection\":[\"Optom\u00e9trie\"],\"inLanguage\":\"fr-FR\",\"potentialAction\":[{\"@type\":\"CommentAction\",\"name\":\"Comment\",\"target\":[\"https:\\\/\\\/saera.eu\\\/fr\\\/2024\\\/08\\\/20\\\/la-coordimetrie-un-allie-pour-letude-des-desequilibres-oculomoteurs\\\/#respond\"]}]},{\"@type\":\"WebPage\",\"@id\":\"https:\\\/\\\/saera.eu\\\/fr\\\/2024\\\/08\\\/20\\\/la-coordimetrie-un-allie-pour-letude-des-desequilibres-oculomoteurs\\\/\",\"url\":\"https:\\\/\\\/saera.eu\\\/fr\\\/2024\\\/08\\\/20\\\/la-coordimetrie-un-allie-pour-letude-des-desequilibres-oculomoteurs\\\/\",\"name\":\"La Coordim\u00e8trie un alli\u00e9 pour l\u2019\u00e9tude des d\u00e9s\u00e9quilibres oculomoteurs - Saera FR\",\"isPartOf\":{\"@id\":\"https:\\\/\\\/saera.eu\\\/fr\\\/#website\"},\"primaryImageOfPage\":{\"@id\":\"https:\\\/\\\/saera.eu\\\/fr\\\/2024\\\/08\\\/20\\\/la-coordimetrie-un-allie-pour-letude-des-desequilibres-oculomoteurs\\\/#primaryimage\"},\"image\":{\"@id\":\"https:\\\/\\\/saera.eu\\\/fr\\\/2024\\\/08\\\/20\\\/la-coordimetrie-un-allie-pour-letude-des-desequilibres-oculomoteurs\\\/#primaryimage\"},\"thumbnailUrl\":\"https:\\\/\\\/saera.eu\\\/fr\\\/wp-content\\\/uploads\\\/2024\\\/08\\\/coordimetria-editada.png\",\"datePublished\":\"2024-08-20T14:28:47+00:00\",\"dateModified\":\"2025-05-27T14:41:57+00:00\",\"author\":{\"@id\":\"https:\\\/\\\/saera.eu\\\/fr\\\/#\\\/schema\\\/person\\\/c0039ce790a2e525c401d362dd7dd328\"},\"breadcrumb\":{\"@id\":\"https:\\\/\\\/saera.eu\\\/fr\\\/2024\\\/08\\\/20\\\/la-coordimetrie-un-allie-pour-letude-des-desequilibres-oculomoteurs\\\/#breadcrumb\"},\"inLanguage\":\"fr-FR\",\"potentialAction\":[{\"@type\":\"ReadAction\",\"target\":[\"https:\\\/\\\/saera.eu\\\/fr\\\/2024\\\/08\\\/20\\\/la-coordimetrie-un-allie-pour-letude-des-desequilibres-oculomoteurs\\\/\"]}]},{\"@type\":\"ImageObject\",\"inLanguage\":\"fr-FR\",\"@id\":\"https:\\\/\\\/saera.eu\\\/fr\\\/2024\\\/08\\\/20\\\/la-coordimetrie-un-allie-pour-letude-des-desequilibres-oculomoteurs\\\/#primaryimage\",\"url\":\"https:\\\/\\\/saera.eu\\\/fr\\\/wp-content\\\/uploads\\\/2024\\\/08\\\/coordimetria-editada.png\",\"contentUrl\":\"https:\\\/\\\/saera.eu\\\/fr\\\/wp-content\\\/uploads\\\/2024\\\/08\\\/coordimetria-editada.png\",\"width\":700,\"height\":394},{\"@type\":\"BreadcrumbList\",\"@id\":\"https:\\\/\\\/saera.eu\\\/fr\\\/2024\\\/08\\\/20\\\/la-coordimetrie-un-allie-pour-letude-des-desequilibres-oculomoteurs\\\/#breadcrumb\",\"itemListElement\":[{\"@type\":\"ListItem\",\"position\":1,\"name\":\"Portada\",\"item\":\"https:\\\/\\\/saera.eu\\\/fr\\\/\"},{\"@type\":\"ListItem\",\"position\":2,\"name\":\"La Coordim\u00e8trie un alli\u00e9 pour l\u2019\u00e9tude des d\u00e9s\u00e9quilibres oculomoteurs\"}]},{\"@type\":\"WebSite\",\"@id\":\"https:\\\/\\\/saera.eu\\\/fr\\\/#website\",\"url\":\"https:\\\/\\\/saera.eu\\\/fr\\\/\",\"name\":\"Saera FR\",\"description\":\"\u00c9cole Sup\u00e9rieure de Formation\",\"potentialAction\":[{\"@type\":\"SearchAction\",\"target\":{\"@type\":\"EntryPoint\",\"urlTemplate\":\"https:\\\/\\\/saera.eu\\\/fr\\\/?s={search_term_string}\"},\"query-input\":{\"@type\":\"PropertyValueSpecification\",\"valueRequired\":true,\"valueName\":\"search_term_string\"}}],\"inLanguage\":\"fr-FR\"},{\"@type\":\"Person\",\"@id\":\"https:\\\/\\\/saera.eu\\\/fr\\\/#\\\/schema\\\/person\\\/c0039ce790a2e525c401d362dd7dd328\",\"name\":\"saeraadmin\",\"image\":{\"@type\":\"ImageObject\",\"inLanguage\":\"fr-FR\",\"@id\":\"https:\\\/\\\/secure.gravatar.com\\\/avatar\\\/2d4b38e83084153690919ac76077c0f9908d0b73d79a6b7b331cce93a9e58610?s=96&d=mm&r=g\",\"url\":\"https:\\\/\\\/secure.gravatar.com\\\/avatar\\\/2d4b38e83084153690919ac76077c0f9908d0b73d79a6b7b331cce93a9e58610?s=96&d=mm&r=g\",\"contentUrl\":\"https:\\\/\\\/secure.gravatar.com\\\/avatar\\\/2d4b38e83084153690919ac76077c0f9908d0b73d79a6b7b331cce93a9e58610?s=96&d=mm&r=g\",\"caption\":\"saeraadmin\"},\"sameAs\":[\"https:\\\/\\\/saera.eu\\\/fr\"],\"url\":\"https:\\\/\\\/saera.eu\\\/fr\\\/author\\\/saeraadmin\\\/\"}]}<\/script>\n<!-- \/ Yoast SEO plugin. -->","yoast_head_json":{"title":"La Coordim\u00e8trie un alli\u00e9 pour l\u2019\u00e9tude des d\u00e9s\u00e9quilibres oculomoteurs - Saera FR","robots":{"index":"index","follow":"follow","max-snippet":"max-snippet:-1","max-image-preview":"max-image-preview:large","max-video-preview":"max-video-preview:-1"},"canonical":"https:\/\/saera.eu\/fr\/2024\/08\/20\/la-coordimetrie-un-allie-pour-letude-des-desequilibres-oculomoteurs\/","og_locale":"fr_FR","og_type":"article","og_title":"La Coordim\u00e8trie un alli\u00e9 pour l\u2019\u00e9tude des d\u00e9s\u00e9quilibres oculomoteurs - Saera FR","og_description":"La Coordim\u00e8trie un alli\u00e9 pour l\u2019\u00e9tude des d\u00e9s\u00e9quilibres oculomoteurs Par L\u00e9a Bouga, \u00e9tudiant du Master en Optom\u00e9trie Clinique et T\u00e9rapie...","og_url":"https:\/\/saera.eu\/fr\/2024\/08\/20\/la-coordimetrie-un-allie-pour-letude-des-desequilibres-oculomoteurs\/","og_site_name":"Saera FR","article_published_time":"2024-08-20T14:28:47+00:00","article_modified_time":"2025-05-27T14:41:57+00:00","og_image":[{"width":700,"height":394,"url":"https:\/\/saera.eu\/fr\/wp-content\/uploads\/2024\/08\/coordimetria-editada.png","type":"image\/png"}],"author":"saeraadmin","twitter_card":"summary_large_image","twitter_misc":{"\u00c9crit par":"saeraadmin","Dur\u00e9e de lecture estim\u00e9e":"3 minutes"},"schema":{"@context":"https:\/\/schema.org","@graph":[{"@type":"Article","@id":"https:\/\/saera.eu\/fr\/2024\/08\/20\/la-coordimetrie-un-allie-pour-letude-des-desequilibres-oculomoteurs\/#article","isPartOf":{"@id":"https:\/\/saera.eu\/fr\/2024\/08\/20\/la-coordimetrie-un-allie-pour-letude-des-desequilibres-oculomoteurs\/"},"author":{"name":"saeraadmin","@id":"https:\/\/saera.eu\/fr\/#\/schema\/person\/c0039ce790a2e525c401d362dd7dd328"},"headline":"La Coordim\u00e8trie un alli\u00e9 pour l\u2019\u00e9tude des d\u00e9s\u00e9quilibres oculomoteurs","datePublished":"2024-08-20T14:28:47+00:00","dateModified":"2025-05-27T14:41:57+00:00","mainEntityOfPage":{"@id":"https:\/\/saera.eu\/fr\/2024\/08\/20\/la-coordimetrie-un-allie-pour-letude-des-desequilibres-oculomoteurs\/"},"wordCount":269,"commentCount":0,"image":{"@id":"https:\/\/saera.eu\/fr\/2024\/08\/20\/la-coordimetrie-un-allie-pour-letude-des-desequilibres-oculomoteurs\/#primaryimage"},"thumbnailUrl":"https:\/\/saera.eu\/fr\/wp-content\/uploads\/2024\/08\/coordimetria-editada.png","articleSection":["Optom\u00e9trie"],"inLanguage":"fr-FR","potentialAction":[{"@type":"CommentAction","name":"Comment","target":["https:\/\/saera.eu\/fr\/2024\/08\/20\/la-coordimetrie-un-allie-pour-letude-des-desequilibres-oculomoteurs\/#respond"]}]},{"@type":"WebPage","@id":"https:\/\/saera.eu\/fr\/2024\/08\/20\/la-coordimetrie-un-allie-pour-letude-des-desequilibres-oculomoteurs\/","url":"https:\/\/saera.eu\/fr\/2024\/08\/20\/la-coordimetrie-un-allie-pour-letude-des-desequilibres-oculomoteurs\/","name":"La Coordim\u00e8trie un alli\u00e9 pour l\u2019\u00e9tude des d\u00e9s\u00e9quilibres oculomoteurs - Saera FR","isPartOf":{"@id":"https:\/\/saera.eu\/fr\/#website"},"primaryImageOfPage":{"@id":"https:\/\/saera.eu\/fr\/2024\/08\/20\/la-coordimetrie-un-allie-pour-letude-des-desequilibres-oculomoteurs\/#primaryimage"},"image":{"@id":"https:\/\/saera.eu\/fr\/2024\/08\/20\/la-coordimetrie-un-allie-pour-letude-des-desequilibres-oculomoteurs\/#primaryimage"},"thumbnailUrl":"https:\/\/saera.eu\/fr\/wp-content\/uploads\/2024\/08\/coordimetria-editada.png","datePublished":"2024-08-20T14:28:47+00:00","dateModified":"2025-05-27T14:41:57+00:00","author":{"@id":"https:\/\/saera.eu\/fr\/#\/schema\/person\/c0039ce790a2e525c401d362dd7dd328"},"breadcrumb":{"@id":"https:\/\/saera.eu\/fr\/2024\/08\/20\/la-coordimetrie-un-allie-pour-letude-des-desequilibres-oculomoteurs\/#breadcrumb"},"inLanguage":"fr-FR","potentialAction":[{"@type":"ReadAction","target":["https:\/\/saera.eu\/fr\/2024\/08\/20\/la-coordimetrie-un-allie-pour-letude-des-desequilibres-oculomoteurs\/"]}]},{"@type":"ImageObject","inLanguage":"fr-FR","@id":"https:\/\/saera.eu\/fr\/2024\/08\/20\/la-coordimetrie-un-allie-pour-letude-des-desequilibres-oculomoteurs\/#primaryimage","url":"https:\/\/saera.eu\/fr\/wp-content\/uploads\/2024\/08\/coordimetria-editada.png","contentUrl":"https:\/\/saera.eu\/fr\/wp-content\/uploads\/2024\/08\/coordimetria-editada.png","width":700,"height":394},{"@type":"BreadcrumbList","@id":"https:\/\/saera.eu\/fr\/2024\/08\/20\/la-coordimetrie-un-allie-pour-letude-des-desequilibres-oculomoteurs\/#breadcrumb","itemListElement":[{"@type":"ListItem","position":1,"name":"Portada","item":"https:\/\/saera.eu\/fr\/"},{"@type":"ListItem","position":2,"name":"La Coordim\u00e8trie un alli\u00e9 pour l\u2019\u00e9tude des d\u00e9s\u00e9quilibres oculomoteurs"}]},{"@type":"WebSite","@id":"https:\/\/saera.eu\/fr\/#website","url":"https:\/\/saera.eu\/fr\/","name":"Saera FR","description":"\u00c9cole Sup\u00e9rieure de Formation","potentialAction":[{"@type":"SearchAction","target":{"@type":"EntryPoint","urlTemplate":"https:\/\/saera.eu\/fr\/?s={search_term_string}"},"query-input":{"@type":"PropertyValueSpecification","valueRequired":true,"valueName":"search_term_string"}}],"inLanguage":"fr-FR"},{"@type":"Person","@id":"https:\/\/saera.eu\/fr\/#\/schema\/person\/c0039ce790a2e525c401d362dd7dd328","name":"saeraadmin","image":{"@type":"ImageObject","inLanguage":"fr-FR","@id":"https:\/\/secure.gravatar.com\/avatar\/2d4b38e83084153690919ac76077c0f9908d0b73d79a6b7b331cce93a9e58610?s=96&d=mm&r=g","url":"https:\/\/secure.gravatar.com\/avatar\/2d4b38e83084153690919ac76077c0f9908d0b73d79a6b7b331cce93a9e58610?s=96&d=mm&r=g","contentUrl":"https:\/\/secure.gravatar.com\/avatar\/2d4b38e83084153690919ac76077c0f9908d0b73d79a6b7b331cce93a9e58610?s=96&d=mm&r=g","caption":"saeraadmin"},"sameAs":["https:\/\/saera.eu\/fr"],"url":"https:\/\/saera.eu\/fr\/author\/saeraadmin\/"}]}},"_links":{"self":[{"href":"https:\/\/saera.eu\/fr\/wp-json\/wp\/v2\/posts\/13803","targetHints":{"allow":["GET"]}}],"collection":[{"href":"https:\/\/saera.eu\/fr\/wp-json\/wp\/v2\/posts"}],"about":[{"href":"https:\/\/saera.eu\/fr\/wp-json\/wp\/v2\/types\/post"}],"author":[{"embeddable":true,"href":"https:\/\/saera.eu\/fr\/wp-json\/wp\/v2\/users\/1"}],"replies":[{"embeddable":true,"href":"https:\/\/saera.eu\/fr\/wp-json\/wp\/v2\/comments?post=13803"}],"version-history":[{"count":7,"href":"https:\/\/saera.eu\/fr\/wp-json\/wp\/v2\/posts\/13803\/revisions"}],"predecessor-version":[{"id":16093,"href":"https:\/\/saera.eu\/fr\/wp-json\/wp\/v2\/posts\/13803\/revisions\/16093"}],"wp:featuredmedia":[{"embeddable":true,"href":"https:\/\/saera.eu\/fr\/wp-json\/wp\/v2\/media\/16540"}],"wp:attachment":[{"href":"https:\/\/saera.eu\/fr\/wp-json\/wp\/v2\/media?parent=13803"}],"wp:term":[{"taxonomy":"category","embeddable":true,"href":"https:\/\/saera.eu\/fr\/wp-json\/wp\/v2\/categories?post=13803"},{"taxonomy":"post_tag","embeddable":true,"href":"https:\/\/saera.eu\/fr\/wp-json\/wp\/v2\/tags?post=13803"}],"curies":[{"name":"wp","href":"https:\/\/api.w.org\/{rel}","templated":true}]}}