{"id":13758,"date":"2024-08-20T16:08:27","date_gmt":"2024-08-20T14:08:27","guid":{"rendered":"https:\/\/saera.eu\/fr\/?p=13758"},"modified":"2025-05-27T11:00:00","modified_gmt":"2025-05-27T09:00:00","slug":"mefaits-et-recommandations-de-lexposition-a-la-musique-sur-le-systeme-auditif-des-jeunes","status":"publish","type":"post","link":"https:\/\/saera.eu\/fr\/2024\/08\/20\/mefaits-et-recommandations-de-lexposition-a-la-musique-sur-le-systeme-auditif-des-jeunes\/","title":{"rendered":"M\u00e9faits et recommandations de l\u2019exposition \u00e0 la musique sur le syst\u00e8me auditif des jeunes"},"content":{"rendered":"\t\t<div data-elementor-type=\"wp-post\" data-elementor-id=\"13758\" class=\"elementor elementor-13758\" data-elementor-post-type=\"post\">\n\t\t\t\t<div class=\"elementor-element elementor-element-57824237 e-flex e-con-boxed e-con e-parent\" data-id=\"57824237\" data-element_type=\"container\">\n\t\t\t\t\t<div class=\"e-con-inner\">\n\t\t<div class=\"elementor-element elementor-element-51d25600 e-con-full e-flex e-con e-child\" data-id=\"51d25600\" data-element_type=\"container\">\n\t\t<div class=\"elementor-element elementor-element-7555dea1 e-flex e-con-boxed e-con e-child\" data-id=\"7555dea1\" data-element_type=\"container\">\n\t\t\t\t\t<div class=\"e-con-inner\">\n\t\t\t\t<div class=\"elementor-element elementor-element-763e264 elementor-widget elementor-widget-spacer\" data-id=\"763e264\" data-element_type=\"widget\" data-widget_type=\"spacer.default\">\n\t\t\t\t<div class=\"elementor-widget-container\">\n\t\t\t\t\t<div class=\"elementor-spacer\">\n\t\t\t<div class=\"elementor-spacer-inner\"><\/div>\n\t\t<\/div>\n\t\t\t\t<\/div>\n\t\t\t\t<\/div>\n\t\t\t\t<div class=\"elementor-element elementor-element-63c9079d elementor-widget elementor-widget-text-editor\" data-id=\"63c9079d\" data-element_type=\"widget\" data-widget_type=\"text-editor.default\">\n\t\t\t\t<div class=\"elementor-widget-container\">\n\t\t\t\t\t\t\t<h2 class=\"elementor-heading-title elementor-size-default\"><span style=\"color: #003366;\">M\u00e9faits et recommandations de l\u2019exposition \u00e0 la musique sur le syst\u00e8me auditif des jeunes<\/span><\/h2>\t\t\t\t\t\t<\/div>\n\t\t\t\t<\/div>\n\t\t\t\t<div class=\"elementor-element elementor-element-2ebb4523 elementor-align-right elementor-widget elementor-widget-post-info\" data-id=\"2ebb4523\" data-element_type=\"widget\" data-widget_type=\"post-info.default\">\n\t\t\t\t<div class=\"elementor-widget-container\">\n\t\t\t\t\t<ul class=\"elementor-inline-items elementor-icon-list-items elementor-post-info\">\n\t\t\t\t\t\t\t\t<li class=\"elementor-icon-list-item elementor-repeater-item-f8edb24 elementor-inline-item\" itemprop=\"datePublished\">\n\t\t\t\t\t\t<a href=\"https:\/\/saera.eu\/fr\/2024\/08\/20\/\">\n\t\t\t\t\t\t\t\t\t\t\t<span class=\"elementor-icon-list-icon\">\n\t\t\t\t\t\t\t\t<svg aria-hidden=\"true\" class=\"e-font-icon-svg e-fas-calendar\" viewBox=\"0 0 448 512\" xmlns=\"http:\/\/www.w3.org\/2000\/svg\"><path d=\"M12 192h424c6.6 0 12 5.4 12 12v260c0 26.5-21.5 48-48 48H48c-26.5 0-48-21.5-48-48V204c0-6.6 5.4-12 12-12zm436-44v-36c0-26.5-21.5-48-48-48h-48V12c0-6.6-5.4-12-12-12h-40c-6.6 0-12 5.4-12 12v52H160V12c0-6.6-5.4-12-12-12h-40c-6.6 0-12 5.4-12 12v52H48C21.5 64 0 85.5 0 112v36c0 6.6 5.4 12 12 12h424c6.6 0 12-5.4 12-12z\"><\/path><\/svg>\t\t\t\t\t\t\t<\/span>\n\t\t\t\t\t\t\t\t\t<span class=\"elementor-icon-list-text elementor-post-info__item elementor-post-info__item--type-date\">\n\t\t\t\t\t\t\t\t\t\t<time>20\/08\/2024<\/time>\t\t\t\t\t<\/span>\n\t\t\t\t\t\t\t\t\t<\/a>\n\t\t\t\t<\/li>\n\t\t\t\t<\/ul>\n\t\t\t\t<\/div>\n\t\t\t\t<\/div>\n\t\t\t\t<div class=\"elementor-element elementor-element-ae6d754 elementor-widget elementor-widget-text-editor\" data-id=\"ae6d754\" data-element_type=\"widget\" data-widget_type=\"text-editor.default\">\n\t\t\t\t<div class=\"elementor-widget-container\">\n\t\t\t\t\t\t\t<h3><!-- wp:paragraph {\"align\":\"right\"} --><\/h3>\n<p class=\"has-text-align-right\">Par <strong>Lalla Maghnia Benbouali<\/strong><strong>\u00a0<\/strong><strong>, <\/strong>\u00e9tudiant du <a href=\"https:\/\/saerainternational.com\/index.php\/master-en-audiologie-clinique-et-therapie-auditive\/\">\u00a0Master en Audiologie Clinique et Th\u00e9rapie Auditive\u00a0<\/a><\/p>\n<p><!-- \/wp:paragraph --><!-- wp:paragraph --><\/p>\n<h3><strong>R\u00e9sum\u00e9<\/strong><\/h3>\n<p><!-- \/wp:paragraph --><!-- wp:paragraph --><\/p>\n<div class=\"elementor-element elementor-element-11d44cc3 elementor-widget elementor-widget-text-editor\" data-id=\"11d44cc3\" data-element_type=\"widget\" data-widget_type=\"text-editor.default\">\n<div class=\"elementor-widget-container\">\n<p style=\"text-align: justify;\">Cette \u00e9tude permettra de montrer qu\u2019une exposition accrue et prolong\u00e9e au bruit fort de loisir, chez les jeunes, peut engendrer des risques auditifs et proposera des recommandations et pistes concr\u00e8tes pour une meilleure pr\u00e9vention et les traitements possibles en cas de traumatisme sonore.\u00a0<\/p>\n<p style=\"text-align: justify;\"><em><strong>Mots cl\u00e9s :<\/strong>\u00a0perte auditive due \u00e0 la musique \u2013 exposition \u00e0 la musique \u2013 perte auditive induite par le bruit chez les jeunes<\/em><\/p>\n<\/div>\n<\/div>\n<div class=\"elementor-element elementor-element-618587e elementor-widget elementor-widget-heading\" style=\"text-align: justify;\" data-id=\"618587e\" data-element_type=\"widget\" data-widget_type=\"heading.default\">\n<div class=\"elementor-widget-container\">\n<h5 class=\"elementor-heading-title elementor-size-default\">Introduction<\/h5>\n<\/div>\n<\/div>\n<div class=\"elementor-element elementor-element-0636008 elementor-widget elementor-widget-text-editor\" data-id=\"0636008\" data-element_type=\"widget\" data-widget_type=\"text-editor.default\">\n<div class=\"elementor-widget-container\">\n<p style=\"text-align: justify;\">Avec le progr\u00e8s de la technologie, le d\u00e9veloppement des dispositifs audio individuels tels les lecteurs de musique et des t\u00e9l\u00e9phones portables, les pratiques et habitudes d\u2019\u00e9coutes des jeunes d\u2019aujourd\u2019hui ont chang\u00e9 allant \u00e0 l\u2019utilisation d\u2019\u00e9couteurs, de casque de fa\u00e7on quotidienne soit pour faire leur devoir scolaires, pour s\u2019endormir, en prenant les transports, pour ne pas d\u00e9ranger autrui, s\u2019ajoutant \u00e0 cela les visites prolong\u00e9es dans les lieux de loisirs bruyants tels que les concerts ou les boites de nuits. Il est vrai que la musique est un plaisir mais elle peut malheureusement devenir un danger, les modes d\u2019\u00e9coute prolong\u00e9s \u00e0 forte intensit\u00e9 d\u00e9livr\u00e9 directement \u00e0 l\u2019oreille par des casques ou des \u00e9couteurs et une accessibilit\u00e9 aux appareils d\u2019\u00e9coute portables avec une utilisation incontr\u00f4l\u00e9e exposent les jeunes \u00e0 un risque \u00e9lev\u00e9 de surdit\u00e9 traumato-sonore pr\u00e9coce endommageant ainsi les structures de leur oreille interne.<\/p>\n<p style=\"text-align: justify;\">Les jeunes, peu ou mal inform\u00e9s, sur les cons\u00e9quences d\u2019une mauvaise sant\u00e9 auditive sont \u00e0 risque d\u2019avoir une d\u00e9gradation de leur oreille par exposition aux sons forts et r\u00e9p\u00e9t\u00e9s, le port d\u2019une proth\u00e8se auditive ou l\u2019implantation d\u2019un implant cochl\u00e9aire sera in\u00e9vitable. Ce type de perte auditive est class\u00e9 comme une perte auditive neurosensorielle avec atteinte endocochl\u00e9aire se pr\u00e9sentant en g\u00e9n\u00e9ral de mani\u00e8re bilat\u00e9rale, progressive (ou soudaine) et irr\u00e9versible. Selon un constat \u00e9tablit par l\u2019OMS en 2019 \u00e0 savoir que pr\u00e8s de 50% des personnes \u00e2g\u00e9es de 12 \u00e0 35ans, soit 1,1 milliard de jeunes risque une d\u00e9ficience auditive due \u00e0 une exposition prolong\u00e9e et excessive des sons trop forts. L\u2019audition est un sens fragile qui subit l\u2019attaque du temps de manie\u0300re irre\u0301versible si on ne prend pas les devants en mati\u00e8re de pr\u00e9vention.<\/p>\n<p style=\"text-align: justify;\">Connaitre les risques li\u00e9s \u00e0 une \u00e9coute prolong\u00e9 et forte de la musique permettra la n\u00e9cessit\u00e9 de se prot\u00e9ger afin de profiter d\u2019une \u00e9coute musicale s\u00e9curitaire.<\/p>\n<p style=\"text-align: justify;\"><strong>Physiologie de l\u2019oreille<\/strong><\/p>\n<p style=\"text-align: justify;\">Dans un premier temps, afin de comprendre \u00e0 quel point les bruits forts peuvent endommager l\u2019audition, un rappel sur le fonctionnement de l\u2019appareil auditif s\u2019impose.<\/p>\n<p style=\"text-align: justify;\">L\u2019oreille est un organe capable de capter des sons dans une gamme de fr\u00e9quence audible allant de 20 \u00e0 20 KHz et percevoir des sons d\u2019intensit\u00e9 diff\u00e9rentes allant de 0 \u00e0 120 dB.<\/p>\n<\/div>\n<\/div>\n<p>            <div class=\"ppv_wrapper ppv_container\" style=\"position: relative;width:100%; height:600px;\">\n                <div class=\"ppv-loading\">PDF Loading&#8230;<\/div>\n                <iframe id=\"s_pdf_frame\" src=\"\/\/docs.google.com\/gview?embedded=true&#038;url=https:\/\/saera.eu\/fr\/wp-content\/uploads\/2025\/05\/These-Lalla-Maghnia-1-revisee-J.-Vidal.pdf\" style=\"float:left; padding:10px;width:100%; height:600px;\" frameborder=\"0\"><\/iframe>\n                            <\/div>\n            \n            \u00a0<\/p>\n<p>\u00a0<\/p>\n<p><!-- \/wp:paragraph --><!-- wp:shortcode --><\/p>\n<p><!-- \/wp:shortcode --><!-- wp:paragraph --><\/p>\n<p><!-- \/wp:paragraph --><\/p>\t\t\t\t\t\t<\/div>\n\t\t\t\t<\/div>\n\t\t\t\t<div class=\"elementor-element elementor-element-3fb07cb3 elementor-widget elementor-widget-text-editor\" data-id=\"3fb07cb3\" data-element_type=\"widget\" data-widget_type=\"text-editor.default\">\n\t\t\t\t<div class=\"elementor-widget-container\">\n\t\t\t\t\t\t\t<p style=\"text-align: justify;\">T\u00e9l\u00e9charger le dossier complet sur le lien suivant: <a href=\"https:\/\/saera.eu\/fr\/wp-content\/uploads\/2025\/05\/These-Lalla-Maghnia-1-revisee-J.-Vidal.pdf\">Lalla Maghnia Benbouali (2023). M\u00e9faits et recommandations de l\u2019exposition \u00e0 la musique sur le syst\u00e8me auditif des jeunes. SAERA &#8211; School of Advanced Education, Research and Accreditation.<\/a><\/p>\t\t\t\t\t\t<\/div>\n\t\t\t\t<\/div>\n\t\t\t\t\t<\/div>\n\t\t\t\t<\/div>\n\t\t\t\t<\/div>\n\t\t<div class=\"elementor-element elementor-element-537dfad8 e-con-full e-flex e-con e-child\" data-id=\"537dfad8\" data-element_type=\"container\">\n\t\t\t\t<div class=\"elementor-element elementor-element-24b966c0 elementor-widget elementor-widget-spacer\" data-id=\"24b966c0\" data-element_type=\"widget\" data-widget_type=\"spacer.default\">\n\t\t\t\t<div class=\"elementor-widget-container\">\n\t\t\t\t\t<div class=\"elementor-spacer\">\n\t\t\t<div class=\"elementor-spacer-inner\"><\/div>\n\t\t<\/div>\n\t\t\t\t<\/div>\n\t\t\t\t<\/div>\n\t\t\t\t<div class=\"elementor-element elementor-element-144940bb elementor-widget elementor-widget-wp-widget-text\" data-id=\"144940bb\" data-element_type=\"widget\" data-widget_type=\"wp-widget-text.default\">\n\t\t\t\t<div class=\"elementor-widget-container\">\n\t\t\t<h5>Consultez notre offre de formation<\/h5>\t\t\t<div class=\"textwidget\"><\/div>\n\t\t\t\t<\/div>\n\t\t\t\t<\/div>\n\t\t<div class=\"elementor-element elementor-element-10055fb9 e-grid e-con-boxed e-con e-child\" data-id=\"10055fb9\" data-element_type=\"container\">\n\t\t\t\t\t<div class=\"e-con-inner\">\n\t\t\t\t<div class=\"elementor-element elementor-element-759e69e0 elementor-position-top elementor-widget elementor-widget-image-box\" data-id=\"759e69e0\" data-element_type=\"widget\" data-widget_type=\"image-box.default\">\n\t\t\t\t<div class=\"elementor-widget-container\">\n\t\t\t<div class=\"elementor-image-box-wrapper\"><figure class=\"elementor-image-box-img\"><a href=\"https:\/\/www.saera.eu\/audiologia\/\" tabindex=\"-1\"><img fetchpriority=\"high\" decoding=\"async\" width=\"300\" height=\"300\" src=\"https:\/\/saera.eu\/fr\/wp-content\/uploads\/2024\/08\/oreja_cuadrado-1-300x300.jpg\" class=\"attachment-medium size-medium wp-image-12793\" alt=\"\" srcset=\"https:\/\/saera.eu\/fr\/wp-content\/uploads\/2024\/08\/oreja_cuadrado-1-300x300.jpg 300w, https:\/\/saera.eu\/fr\/wp-content\/uploads\/2024\/08\/oreja_cuadrado-1-150x150.jpg 150w, https:\/\/saera.eu\/fr\/wp-content\/uploads\/2024\/08\/oreja_cuadrado-1-120x120.jpg 120w, https:\/\/saera.eu\/fr\/wp-content\/uploads\/2024\/08\/oreja_cuadrado-1-220x220.jpg 220w, https:\/\/saera.eu\/fr\/wp-content\/uploads\/2024\/08\/oreja_cuadrado-1-390x390.jpg 390w, https:\/\/saera.eu\/fr\/wp-content\/uploads\/2024\/08\/oreja_cuadrado-1.jpg 500w\" sizes=\"(max-width: 300px) 100vw, 300px\" \/><\/a><\/figure><div class=\"elementor-image-box-content\"><h4 class=\"elementor-image-box-title\"><a href=\"https:\/\/www.saera.eu\/audiologia\/\">Audiologie<\/a><\/h4><\/div><\/div>\t\t<\/div>\n\t\t\t\t<\/div>\n\t\t\t\t<div class=\"elementor-element elementor-element-631c8c44 elementor-position-top elementor-widget elementor-widget-image-box\" data-id=\"631c8c44\" data-element_type=\"widget\" data-widget_type=\"image-box.default\">\n\t\t\t\t<div class=\"elementor-widget-container\">\n\t\t\t<div class=\"elementor-image-box-wrapper\"><figure class=\"elementor-image-box-img\"><a href=\"https:\/\/saera.eu\/fonoaudiologia\/\" tabindex=\"-1\"><img decoding=\"async\" width=\"300\" height=\"300\" src=\"https:\/\/saera.eu\/fr\/wp-content\/uploads\/2024\/08\/Fonoaudiologia-1-300x300.jpg\" class=\"attachment-medium size-medium wp-image-12784\" alt=\"\" srcset=\"https:\/\/saera.eu\/fr\/wp-content\/uploads\/2024\/08\/Fonoaudiologia-1-300x300.jpg 300w, https:\/\/saera.eu\/fr\/wp-content\/uploads\/2024\/08\/Fonoaudiologia-1-150x150.jpg 150w, https:\/\/saera.eu\/fr\/wp-content\/uploads\/2024\/08\/Fonoaudiologia-1-120x120.jpg 120w, https:\/\/saera.eu\/fr\/wp-content\/uploads\/2024\/08\/Fonoaudiologia-1-220x220.jpg 220w, https:\/\/saera.eu\/fr\/wp-content\/uploads\/2024\/08\/Fonoaudiologia-1-390x390.jpg 390w, https:\/\/saera.eu\/fr\/wp-content\/uploads\/2024\/08\/Fonoaudiologia-1.jpg 500w\" sizes=\"(max-width: 300px) 100vw, 300px\" \/><\/a><\/figure><div class=\"elementor-image-box-content\"><h4 class=\"elementor-image-box-title\"><a href=\"https:\/\/saera.eu\/fonoaudiologia\/\">Logop\u00e9die<\/a><\/h4><\/div><\/div>\t\t<\/div>\n\t\t\t\t<\/div>\n\t\t\t\t<div class=\"elementor-element elementor-element-627035be elementor-position-top elementor-widget elementor-widget-image-box\" data-id=\"627035be\" data-element_type=\"widget\" data-widget_type=\"image-box.default\">\n\t\t\t\t<div class=\"elementor-widget-container\">\n\t\t\t<div class=\"elementor-image-box-wrapper\"><figure class=\"elementor-image-box-img\"><a href=\"https:\/\/saera.eu\/neurociencias\/\" tabindex=\"-1\"><img decoding=\"async\" width=\"300\" height=\"300\" src=\"https:\/\/saera.eu\/fr\/wp-content\/uploads\/2024\/08\/cerebro_cuadrado-1-300x300.jpg\" class=\"attachment-medium size-medium wp-image-12788\" alt=\"\" srcset=\"https:\/\/saera.eu\/fr\/wp-content\/uploads\/2024\/08\/cerebro_cuadrado-1-300x300.jpg 300w, https:\/\/saera.eu\/fr\/wp-content\/uploads\/2024\/08\/cerebro_cuadrado-1-150x150.jpg 150w, https:\/\/saera.eu\/fr\/wp-content\/uploads\/2024\/08\/cerebro_cuadrado-1-120x120.jpg 120w, https:\/\/saera.eu\/fr\/wp-content\/uploads\/2024\/08\/cerebro_cuadrado-1-220x220.jpg 220w, https:\/\/saera.eu\/fr\/wp-content\/uploads\/2024\/08\/cerebro_cuadrado-1-390x390.jpg 390w, https:\/\/saera.eu\/fr\/wp-content\/uploads\/2024\/08\/cerebro_cuadrado-1.jpg 500w\" sizes=\"(max-width: 300px) 100vw, 300px\" \/><\/a><\/figure><div class=\"elementor-image-box-content\"><h4 class=\"elementor-image-box-title\"><a href=\"https:\/\/saera.eu\/neurociencias\/\">Neurosciences<\/a><\/h4><\/div><\/div>\t\t<\/div>\n\t\t\t\t<\/div>\n\t\t\t\t<div class=\"elementor-element elementor-element-300d3cc1 elementor-position-top elementor-widget elementor-widget-image-box\" data-id=\"300d3cc1\" data-element_type=\"widget\" data-widget_type=\"image-box.default\">\n\t\t\t\t<div class=\"elementor-widget-container\">\n\t\t\t<div class=\"elementor-image-box-wrapper\"><figure class=\"elementor-image-box-img\"><a href=\"https:\/\/saera.eu\/optometria\/\" tabindex=\"-1\"><img loading=\"lazy\" decoding=\"async\" width=\"300\" height=\"300\" src=\"https:\/\/saera.eu\/fr\/wp-content\/uploads\/2024\/08\/ojo_cuadrado-1-300x300.jpg\" class=\"attachment-medium size-medium wp-image-12786\" alt=\"\" srcset=\"https:\/\/saera.eu\/fr\/wp-content\/uploads\/2024\/08\/ojo_cuadrado-1-300x300.jpg 300w, https:\/\/saera.eu\/fr\/wp-content\/uploads\/2024\/08\/ojo_cuadrado-1-150x150.jpg 150w, https:\/\/saera.eu\/fr\/wp-content\/uploads\/2024\/08\/ojo_cuadrado-1-120x120.jpg 120w, https:\/\/saera.eu\/fr\/wp-content\/uploads\/2024\/08\/ojo_cuadrado-1-220x220.jpg 220w, https:\/\/saera.eu\/fr\/wp-content\/uploads\/2024\/08\/ojo_cuadrado-1-390x390.jpg 390w, https:\/\/saera.eu\/fr\/wp-content\/uploads\/2024\/08\/ojo_cuadrado-1.jpg 500w\" sizes=\"(max-width: 300px) 100vw, 300px\" \/><\/a><\/figure><div class=\"elementor-image-box-content\"><h4 class=\"elementor-image-box-title\"><a href=\"https:\/\/saera.eu\/optometria\/\">Optom\u00e9trie<\/a><\/h4><\/div><\/div>\t\t<\/div>\n\t\t\t\t<\/div>\n\t\t\t\t\t<\/div>\n\t\t\t\t<\/div>\n\t\t\t\t<div class=\"elementor-element elementor-element-2f80bc4a elementor-widget elementor-widget-wp-widget-text\" data-id=\"2f80bc4a\" data-element_type=\"widget\" data-widget_type=\"wp-widget-text.default\">\n\t\t\t\t<div class=\"elementor-widget-container\">\n\t\t\t<h5>Rechercher<\/h5>\t\t\t<div class=\"textwidget\"><\/div>\n\t\t\t\t<\/div>\n\t\t\t\t<\/div>\n\t\t\t\t<div class=\"elementor-element elementor-element-98cbfa2 elementor-widget elementor-widget-wp-widget-search\" data-id=\"98cbfa2\" data-element_type=\"widget\" data-widget_type=\"wp-widget-search.default\">\n\t\t\t\t<div class=\"elementor-widget-container\">\n\t\t\t<form role=\"search\" class=\"bs-search search-form\" method=\"get\" action=\"https:\/\/saera.eu\/fr\/\">\n    <div class=\"search-wrap\">\n    \t<label class=\"screen-reader-text\">\n    \t\tSearch for:    \t<\/label>\n        <input type=\"search\" placeholder=\"Searching...\" name=\"s\" class=\"search-input\" value=\"\" \/>\n        <button type=\"submit\"  value=\"Search\"><i class=\"flaticon-search\"><\/i><\/button>\n    <\/div>\n<\/form>\t\t<\/div>\n\t\t\t\t<\/div>\n\t\t\t\t<div class=\"elementor-element elementor-element-56359e7e elementor-widget elementor-widget-wp-widget-text\" data-id=\"56359e7e\" data-element_type=\"widget\" data-widget_type=\"wp-widget-text.default\">\n\t\t\t\t<div class=\"elementor-widget-container\">\n\t\t\t<h5>Derniers Articles<\/h5>\t\t\t<div class=\"textwidget\"><\/div>\n\t\t\t\t<\/div>\n\t\t\t\t<\/div>\n\t\t\t\t<div class=\"elementor-element elementor-element-3dc3e8e9 elementor-widget elementor-widget-rsblog\" data-id=\"3dc3e8e9\" data-element_type=\"widget\" data-widget_type=\"rsblog.default\">\n\t\t\t\t<div class=\"elementor-widget-container\">\n\t\t\t         \r\n\t\t<div class=\"rs-blog-grid rs-blog-grid2\">            \r\n\t\t\t\r\n            <div class=\"row blog-gird-item\">\r\n                \r\n\t\t\t \t                 \r\n                         \r\n                <\/div>   \r\n                               \r\n            \t    \r\n                              \r\n\t\t<\/div>\r\n\t   \t\t<\/div>\n\t\t\t\t<\/div>\n\t\t\t\t<\/div>\n\t\t\t\t\t<\/div>\n\t\t\t\t<\/div>\n\t\t\t\t<\/div>\n\t\t","protected":false},"excerpt":{"rendered":"<p>M\u00e9faits et recommandations de l\u2019exposition \u00e0 la musique sur le syst\u00e8me auditif des jeunes Par Lalla Maghnia Benbouali\u00a0, \u00e9tudiant du&#8230;<\/p>\n","protected":false},"author":1,"featured_media":16472,"comment_status":"open","ping_status":"open","sticky":false,"template":"elementor_header_footer","format":"standard","meta":{"footnotes":""},"categories":[97],"tags":[],"class_list":["post-13758","post","type-post","status-publish","format-standard","has-post-thumbnail","hentry","category-audiologie"],"yoast_head":"<!-- This site is optimized with the Yoast SEO plugin v27.4 - https:\/\/yoast.com\/product\/yoast-seo-wordpress\/ -->\n<title>M\u00e9faits et recommandations de l\u2019exposition \u00e0 la musique sur le syst\u00e8me auditif des jeunes - Saera FR<\/title>\n<meta name=\"robots\" content=\"index, follow, max-snippet:-1, max-image-preview:large, max-video-preview:-1\" \/>\n<link rel=\"canonical\" href=\"https:\/\/saera.eu\/fr\/2024\/08\/20\/mefaits-et-recommandations-de-lexposition-a-la-musique-sur-le-systeme-auditif-des-jeunes\/\" \/>\n<meta property=\"og:locale\" content=\"fr_FR\" \/>\n<meta property=\"og:type\" content=\"article\" \/>\n<meta property=\"og:title\" content=\"M\u00e9faits et recommandations de l\u2019exposition \u00e0 la musique sur le syst\u00e8me auditif des jeunes - Saera FR\" \/>\n<meta property=\"og:description\" content=\"M\u00e9faits et recommandations de l\u2019exposition \u00e0 la musique sur le syst\u00e8me auditif des jeunes Par Lalla Maghnia Benbouali\u00a0, \u00e9tudiant du...\" \/>\n<meta property=\"og:url\" content=\"https:\/\/saera.eu\/fr\/2024\/08\/20\/mefaits-et-recommandations-de-lexposition-a-la-musique-sur-le-systeme-auditif-des-jeunes\/\" \/>\n<meta property=\"og:site_name\" content=\"Saera FR\" \/>\n<meta property=\"article:published_time\" content=\"2024-08-20T14:08:27+00:00\" \/>\n<meta property=\"article:modified_time\" content=\"2025-05-27T09:00:00+00:00\" \/>\n<meta property=\"og:image\" content=\"https:\/\/saera.eu\/fr\/wp-content\/uploads\/2024\/08\/Mefaits-et-recommandations-editada-Lalla-Maghnia-Benbouali.png\" \/>\n\t<meta property=\"og:image:width\" content=\"700\" \/>\n\t<meta property=\"og:image:height\" content=\"394\" \/>\n\t<meta property=\"og:image:type\" content=\"image\/png\" \/>\n<meta name=\"author\" content=\"saeraadmin\" \/>\n<meta name=\"twitter:card\" content=\"summary_large_image\" \/>\n<meta name=\"twitter:label1\" content=\"\u00c9crit par\" \/>\n\t<meta name=\"twitter:data1\" content=\"saeraadmin\" \/>\n\t<meta name=\"twitter:label2\" content=\"Dur\u00e9e de lecture estim\u00e9e\" \/>\n\t<meta name=\"twitter:data2\" content=\"4 minutes\" \/>\n<script type=\"application\/ld+json\" class=\"yoast-schema-graph\">{\"@context\":\"https:\\\/\\\/schema.org\",\"@graph\":[{\"@type\":\"Article\",\"@id\":\"https:\\\/\\\/saera.eu\\\/fr\\\/2024\\\/08\\\/20\\\/mefaits-et-recommandations-de-lexposition-a-la-musique-sur-le-systeme-auditif-des-jeunes\\\/#article\",\"isPartOf\":{\"@id\":\"https:\\\/\\\/saera.eu\\\/fr\\\/2024\\\/08\\\/20\\\/mefaits-et-recommandations-de-lexposition-a-la-musique-sur-le-systeme-auditif-des-jeunes\\\/\"},\"author\":{\"name\":\"saeraadmin\",\"@id\":\"https:\\\/\\\/saera.eu\\\/fr\\\/#\\\/schema\\\/person\\\/c0039ce790a2e525c401d362dd7dd328\"},\"headline\":\"M\u00e9faits et recommandations de l\u2019exposition \u00e0 la musique sur le syst\u00e8me auditif des jeunes\",\"datePublished\":\"2024-08-20T14:08:27+00:00\",\"dateModified\":\"2025-05-27T09:00:00+00:00\",\"mainEntityOfPage\":{\"@id\":\"https:\\\/\\\/saera.eu\\\/fr\\\/2024\\\/08\\\/20\\\/mefaits-et-recommandations-de-lexposition-a-la-musique-sur-le-systeme-auditif-des-jeunes\\\/\"},\"wordCount\":569,\"commentCount\":0,\"image\":{\"@id\":\"https:\\\/\\\/saera.eu\\\/fr\\\/2024\\\/08\\\/20\\\/mefaits-et-recommandations-de-lexposition-a-la-musique-sur-le-systeme-auditif-des-jeunes\\\/#primaryimage\"},\"thumbnailUrl\":\"https:\\\/\\\/saera.eu\\\/fr\\\/wp-content\\\/uploads\\\/2024\\\/08\\\/Mefaits-et-recommandations-editada-Lalla-Maghnia-Benbouali.png\",\"articleSection\":[\"Audiologie\"],\"inLanguage\":\"fr-FR\",\"potentialAction\":[{\"@type\":\"CommentAction\",\"name\":\"Comment\",\"target\":[\"https:\\\/\\\/saera.eu\\\/fr\\\/2024\\\/08\\\/20\\\/mefaits-et-recommandations-de-lexposition-a-la-musique-sur-le-systeme-auditif-des-jeunes\\\/#respond\"]}]},{\"@type\":\"WebPage\",\"@id\":\"https:\\\/\\\/saera.eu\\\/fr\\\/2024\\\/08\\\/20\\\/mefaits-et-recommandations-de-lexposition-a-la-musique-sur-le-systeme-auditif-des-jeunes\\\/\",\"url\":\"https:\\\/\\\/saera.eu\\\/fr\\\/2024\\\/08\\\/20\\\/mefaits-et-recommandations-de-lexposition-a-la-musique-sur-le-systeme-auditif-des-jeunes\\\/\",\"name\":\"M\u00e9faits et recommandations de l\u2019exposition \u00e0 la musique sur le syst\u00e8me auditif des jeunes - Saera FR\",\"isPartOf\":{\"@id\":\"https:\\\/\\\/saera.eu\\\/fr\\\/#website\"},\"primaryImageOfPage\":{\"@id\":\"https:\\\/\\\/saera.eu\\\/fr\\\/2024\\\/08\\\/20\\\/mefaits-et-recommandations-de-lexposition-a-la-musique-sur-le-systeme-auditif-des-jeunes\\\/#primaryimage\"},\"image\":{\"@id\":\"https:\\\/\\\/saera.eu\\\/fr\\\/2024\\\/08\\\/20\\\/mefaits-et-recommandations-de-lexposition-a-la-musique-sur-le-systeme-auditif-des-jeunes\\\/#primaryimage\"},\"thumbnailUrl\":\"https:\\\/\\\/saera.eu\\\/fr\\\/wp-content\\\/uploads\\\/2024\\\/08\\\/Mefaits-et-recommandations-editada-Lalla-Maghnia-Benbouali.png\",\"datePublished\":\"2024-08-20T14:08:27+00:00\",\"dateModified\":\"2025-05-27T09:00:00+00:00\",\"author\":{\"@id\":\"https:\\\/\\\/saera.eu\\\/fr\\\/#\\\/schema\\\/person\\\/c0039ce790a2e525c401d362dd7dd328\"},\"breadcrumb\":{\"@id\":\"https:\\\/\\\/saera.eu\\\/fr\\\/2024\\\/08\\\/20\\\/mefaits-et-recommandations-de-lexposition-a-la-musique-sur-le-systeme-auditif-des-jeunes\\\/#breadcrumb\"},\"inLanguage\":\"fr-FR\",\"potentialAction\":[{\"@type\":\"ReadAction\",\"target\":[\"https:\\\/\\\/saera.eu\\\/fr\\\/2024\\\/08\\\/20\\\/mefaits-et-recommandations-de-lexposition-a-la-musique-sur-le-systeme-auditif-des-jeunes\\\/\"]}]},{\"@type\":\"ImageObject\",\"inLanguage\":\"fr-FR\",\"@id\":\"https:\\\/\\\/saera.eu\\\/fr\\\/2024\\\/08\\\/20\\\/mefaits-et-recommandations-de-lexposition-a-la-musique-sur-le-systeme-auditif-des-jeunes\\\/#primaryimage\",\"url\":\"https:\\\/\\\/saera.eu\\\/fr\\\/wp-content\\\/uploads\\\/2024\\\/08\\\/Mefaits-et-recommandations-editada-Lalla-Maghnia-Benbouali.png\",\"contentUrl\":\"https:\\\/\\\/saera.eu\\\/fr\\\/wp-content\\\/uploads\\\/2024\\\/08\\\/Mefaits-et-recommandations-editada-Lalla-Maghnia-Benbouali.png\",\"width\":700,\"height\":394},{\"@type\":\"BreadcrumbList\",\"@id\":\"https:\\\/\\\/saera.eu\\\/fr\\\/2024\\\/08\\\/20\\\/mefaits-et-recommandations-de-lexposition-a-la-musique-sur-le-systeme-auditif-des-jeunes\\\/#breadcrumb\",\"itemListElement\":[{\"@type\":\"ListItem\",\"position\":1,\"name\":\"Portada\",\"item\":\"https:\\\/\\\/saera.eu\\\/fr\\\/\"},{\"@type\":\"ListItem\",\"position\":2,\"name\":\"M\u00e9faits et recommandations de l\u2019exposition \u00e0 la musique sur le syst\u00e8me auditif des jeunes\"}]},{\"@type\":\"WebSite\",\"@id\":\"https:\\\/\\\/saera.eu\\\/fr\\\/#website\",\"url\":\"https:\\\/\\\/saera.eu\\\/fr\\\/\",\"name\":\"Saera FR\",\"description\":\"\u00c9cole Sup\u00e9rieure de Formation\",\"potentialAction\":[{\"@type\":\"SearchAction\",\"target\":{\"@type\":\"EntryPoint\",\"urlTemplate\":\"https:\\\/\\\/saera.eu\\\/fr\\\/?s={search_term_string}\"},\"query-input\":{\"@type\":\"PropertyValueSpecification\",\"valueRequired\":true,\"valueName\":\"search_term_string\"}}],\"inLanguage\":\"fr-FR\"},{\"@type\":\"Person\",\"@id\":\"https:\\\/\\\/saera.eu\\\/fr\\\/#\\\/schema\\\/person\\\/c0039ce790a2e525c401d362dd7dd328\",\"name\":\"saeraadmin\",\"image\":{\"@type\":\"ImageObject\",\"inLanguage\":\"fr-FR\",\"@id\":\"https:\\\/\\\/secure.gravatar.com\\\/avatar\\\/2d4b38e83084153690919ac76077c0f9908d0b73d79a6b7b331cce93a9e58610?s=96&d=mm&r=g\",\"url\":\"https:\\\/\\\/secure.gravatar.com\\\/avatar\\\/2d4b38e83084153690919ac76077c0f9908d0b73d79a6b7b331cce93a9e58610?s=96&d=mm&r=g\",\"contentUrl\":\"https:\\\/\\\/secure.gravatar.com\\\/avatar\\\/2d4b38e83084153690919ac76077c0f9908d0b73d79a6b7b331cce93a9e58610?s=96&d=mm&r=g\",\"caption\":\"saeraadmin\"},\"sameAs\":[\"https:\\\/\\\/saera.eu\\\/fr\"],\"url\":\"https:\\\/\\\/saera.eu\\\/fr\\\/author\\\/saeraadmin\\\/\"}]}<\/script>\n<!-- \/ Yoast SEO plugin. -->","yoast_head_json":{"title":"M\u00e9faits et recommandations de l\u2019exposition \u00e0 la musique sur le syst\u00e8me auditif des jeunes - Saera FR","robots":{"index":"index","follow":"follow","max-snippet":"max-snippet:-1","max-image-preview":"max-image-preview:large","max-video-preview":"max-video-preview:-1"},"canonical":"https:\/\/saera.eu\/fr\/2024\/08\/20\/mefaits-et-recommandations-de-lexposition-a-la-musique-sur-le-systeme-auditif-des-jeunes\/","og_locale":"fr_FR","og_type":"article","og_title":"M\u00e9faits et recommandations de l\u2019exposition \u00e0 la musique sur le syst\u00e8me auditif des jeunes - Saera FR","og_description":"M\u00e9faits et recommandations de l\u2019exposition \u00e0 la musique sur le syst\u00e8me auditif des jeunes Par Lalla Maghnia Benbouali\u00a0, \u00e9tudiant du...","og_url":"https:\/\/saera.eu\/fr\/2024\/08\/20\/mefaits-et-recommandations-de-lexposition-a-la-musique-sur-le-systeme-auditif-des-jeunes\/","og_site_name":"Saera FR","article_published_time":"2024-08-20T14:08:27+00:00","article_modified_time":"2025-05-27T09:00:00+00:00","og_image":[{"width":700,"height":394,"url":"https:\/\/saera.eu\/fr\/wp-content\/uploads\/2024\/08\/Mefaits-et-recommandations-editada-Lalla-Maghnia-Benbouali.png","type":"image\/png"}],"author":"saeraadmin","twitter_card":"summary_large_image","twitter_misc":{"\u00c9crit par":"saeraadmin","Dur\u00e9e de lecture estim\u00e9e":"4 minutes"},"schema":{"@context":"https:\/\/schema.org","@graph":[{"@type":"Article","@id":"https:\/\/saera.eu\/fr\/2024\/08\/20\/mefaits-et-recommandations-de-lexposition-a-la-musique-sur-le-systeme-auditif-des-jeunes\/#article","isPartOf":{"@id":"https:\/\/saera.eu\/fr\/2024\/08\/20\/mefaits-et-recommandations-de-lexposition-a-la-musique-sur-le-systeme-auditif-des-jeunes\/"},"author":{"name":"saeraadmin","@id":"https:\/\/saera.eu\/fr\/#\/schema\/person\/c0039ce790a2e525c401d362dd7dd328"},"headline":"M\u00e9faits et recommandations de l\u2019exposition \u00e0 la musique sur le syst\u00e8me auditif des jeunes","datePublished":"2024-08-20T14:08:27+00:00","dateModified":"2025-05-27T09:00:00+00:00","mainEntityOfPage":{"@id":"https:\/\/saera.eu\/fr\/2024\/08\/20\/mefaits-et-recommandations-de-lexposition-a-la-musique-sur-le-systeme-auditif-des-jeunes\/"},"wordCount":569,"commentCount":0,"image":{"@id":"https:\/\/saera.eu\/fr\/2024\/08\/20\/mefaits-et-recommandations-de-lexposition-a-la-musique-sur-le-systeme-auditif-des-jeunes\/#primaryimage"},"thumbnailUrl":"https:\/\/saera.eu\/fr\/wp-content\/uploads\/2024\/08\/Mefaits-et-recommandations-editada-Lalla-Maghnia-Benbouali.png","articleSection":["Audiologie"],"inLanguage":"fr-FR","potentialAction":[{"@type":"CommentAction","name":"Comment","target":["https:\/\/saera.eu\/fr\/2024\/08\/20\/mefaits-et-recommandations-de-lexposition-a-la-musique-sur-le-systeme-auditif-des-jeunes\/#respond"]}]},{"@type":"WebPage","@id":"https:\/\/saera.eu\/fr\/2024\/08\/20\/mefaits-et-recommandations-de-lexposition-a-la-musique-sur-le-systeme-auditif-des-jeunes\/","url":"https:\/\/saera.eu\/fr\/2024\/08\/20\/mefaits-et-recommandations-de-lexposition-a-la-musique-sur-le-systeme-auditif-des-jeunes\/","name":"M\u00e9faits et recommandations de l\u2019exposition \u00e0 la musique sur le syst\u00e8me auditif des jeunes - Saera FR","isPartOf":{"@id":"https:\/\/saera.eu\/fr\/#website"},"primaryImageOfPage":{"@id":"https:\/\/saera.eu\/fr\/2024\/08\/20\/mefaits-et-recommandations-de-lexposition-a-la-musique-sur-le-systeme-auditif-des-jeunes\/#primaryimage"},"image":{"@id":"https:\/\/saera.eu\/fr\/2024\/08\/20\/mefaits-et-recommandations-de-lexposition-a-la-musique-sur-le-systeme-auditif-des-jeunes\/#primaryimage"},"thumbnailUrl":"https:\/\/saera.eu\/fr\/wp-content\/uploads\/2024\/08\/Mefaits-et-recommandations-editada-Lalla-Maghnia-Benbouali.png","datePublished":"2024-08-20T14:08:27+00:00","dateModified":"2025-05-27T09:00:00+00:00","author":{"@id":"https:\/\/saera.eu\/fr\/#\/schema\/person\/c0039ce790a2e525c401d362dd7dd328"},"breadcrumb":{"@id":"https:\/\/saera.eu\/fr\/2024\/08\/20\/mefaits-et-recommandations-de-lexposition-a-la-musique-sur-le-systeme-auditif-des-jeunes\/#breadcrumb"},"inLanguage":"fr-FR","potentialAction":[{"@type":"ReadAction","target":["https:\/\/saera.eu\/fr\/2024\/08\/20\/mefaits-et-recommandations-de-lexposition-a-la-musique-sur-le-systeme-auditif-des-jeunes\/"]}]},{"@type":"ImageObject","inLanguage":"fr-FR","@id":"https:\/\/saera.eu\/fr\/2024\/08\/20\/mefaits-et-recommandations-de-lexposition-a-la-musique-sur-le-systeme-auditif-des-jeunes\/#primaryimage","url":"https:\/\/saera.eu\/fr\/wp-content\/uploads\/2024\/08\/Mefaits-et-recommandations-editada-Lalla-Maghnia-Benbouali.png","contentUrl":"https:\/\/saera.eu\/fr\/wp-content\/uploads\/2024\/08\/Mefaits-et-recommandations-editada-Lalla-Maghnia-Benbouali.png","width":700,"height":394},{"@type":"BreadcrumbList","@id":"https:\/\/saera.eu\/fr\/2024\/08\/20\/mefaits-et-recommandations-de-lexposition-a-la-musique-sur-le-systeme-auditif-des-jeunes\/#breadcrumb","itemListElement":[{"@type":"ListItem","position":1,"name":"Portada","item":"https:\/\/saera.eu\/fr\/"},{"@type":"ListItem","position":2,"name":"M\u00e9faits et recommandations de l\u2019exposition \u00e0 la musique sur le syst\u00e8me auditif des jeunes"}]},{"@type":"WebSite","@id":"https:\/\/saera.eu\/fr\/#website","url":"https:\/\/saera.eu\/fr\/","name":"Saera FR","description":"\u00c9cole Sup\u00e9rieure de Formation","potentialAction":[{"@type":"SearchAction","target":{"@type":"EntryPoint","urlTemplate":"https:\/\/saera.eu\/fr\/?s={search_term_string}"},"query-input":{"@type":"PropertyValueSpecification","valueRequired":true,"valueName":"search_term_string"}}],"inLanguage":"fr-FR"},{"@type":"Person","@id":"https:\/\/saera.eu\/fr\/#\/schema\/person\/c0039ce790a2e525c401d362dd7dd328","name":"saeraadmin","image":{"@type":"ImageObject","inLanguage":"fr-FR","@id":"https:\/\/secure.gravatar.com\/avatar\/2d4b38e83084153690919ac76077c0f9908d0b73d79a6b7b331cce93a9e58610?s=96&d=mm&r=g","url":"https:\/\/secure.gravatar.com\/avatar\/2d4b38e83084153690919ac76077c0f9908d0b73d79a6b7b331cce93a9e58610?s=96&d=mm&r=g","contentUrl":"https:\/\/secure.gravatar.com\/avatar\/2d4b38e83084153690919ac76077c0f9908d0b73d79a6b7b331cce93a9e58610?s=96&d=mm&r=g","caption":"saeraadmin"},"sameAs":["https:\/\/saera.eu\/fr"],"url":"https:\/\/saera.eu\/fr\/author\/saeraadmin\/"}]}},"_links":{"self":[{"href":"https:\/\/saera.eu\/fr\/wp-json\/wp\/v2\/posts\/13758","targetHints":{"allow":["GET"]}}],"collection":[{"href":"https:\/\/saera.eu\/fr\/wp-json\/wp\/v2\/posts"}],"about":[{"href":"https:\/\/saera.eu\/fr\/wp-json\/wp\/v2\/types\/post"}],"author":[{"embeddable":true,"href":"https:\/\/saera.eu\/fr\/wp-json\/wp\/v2\/users\/1"}],"replies":[{"embeddable":true,"href":"https:\/\/saera.eu\/fr\/wp-json\/wp\/v2\/comments?post=13758"}],"version-history":[{"count":7,"href":"https:\/\/saera.eu\/fr\/wp-json\/wp\/v2\/posts\/13758\/revisions"}],"predecessor-version":[{"id":16100,"href":"https:\/\/saera.eu\/fr\/wp-json\/wp\/v2\/posts\/13758\/revisions\/16100"}],"wp:featuredmedia":[{"embeddable":true,"href":"https:\/\/saera.eu\/fr\/wp-json\/wp\/v2\/media\/16472"}],"wp:attachment":[{"href":"https:\/\/saera.eu\/fr\/wp-json\/wp\/v2\/media?parent=13758"}],"wp:term":[{"taxonomy":"category","embeddable":true,"href":"https:\/\/saera.eu\/fr\/wp-json\/wp\/v2\/categories?post=13758"},{"taxonomy":"post_tag","embeddable":true,"href":"https:\/\/saera.eu\/fr\/wp-json\/wp\/v2\/tags?post=13758"}],"curies":[{"name":"wp","href":"https:\/\/api.w.org\/{rel}","templated":true}]}}