{"id":13562,"date":"2024-08-20T14:30:32","date_gmt":"2024-08-20T12:30:32","guid":{"rendered":"https:\/\/saera.eu\/fr\/?p=13562"},"modified":"2025-05-27T11:17:30","modified_gmt":"2025-05-27T09:17:30","slug":"therapie-visuelle-des-dysfonctionnements-de-la-vision-binoculaire","status":"publish","type":"post","link":"https:\/\/saera.eu\/fr\/2024\/08\/20\/therapie-visuelle-des-dysfonctionnements-de-la-vision-binoculaire\/","title":{"rendered":"Th\u00e9rapie visuelle des dysfonctionnements de la vision binoculaire"},"content":{"rendered":"\t\t<div data-elementor-type=\"wp-post\" data-elementor-id=\"13562\" class=\"elementor elementor-13562\" data-elementor-post-type=\"post\">\n\t\t\t\t<div class=\"elementor-element elementor-element-2e1f717c e-flex e-con-boxed e-con e-parent\" data-id=\"2e1f717c\" data-element_type=\"container\">\n\t\t\t\t\t<div class=\"e-con-inner\">\n\t\t<div class=\"elementor-element elementor-element-58b2d7ba e-con-full e-flex e-con e-child\" data-id=\"58b2d7ba\" data-element_type=\"container\">\n\t\t<div class=\"elementor-element elementor-element-154bff17 e-flex e-con-boxed e-con e-child\" data-id=\"154bff17\" data-element_type=\"container\">\n\t\t\t\t\t<div class=\"e-con-inner\">\n\t\t\t\t<div class=\"elementor-element elementor-element-478ec11d elementor-widget elementor-widget-spacer\" data-id=\"478ec11d\" data-element_type=\"widget\" data-widget_type=\"spacer.default\">\n\t\t\t\t<div class=\"elementor-widget-container\">\n\t\t\t\t\t<div class=\"elementor-spacer\">\n\t\t\t<div class=\"elementor-spacer-inner\"><\/div>\n\t\t<\/div>\n\t\t\t\t<\/div>\n\t\t\t\t<\/div>\n\t\t\t\t<div class=\"elementor-element elementor-element-4c1d1ea4 elementor-widget elementor-widget-text-editor\" data-id=\"4c1d1ea4\" data-element_type=\"widget\" data-widget_type=\"text-editor.default\">\n\t\t\t\t<div class=\"elementor-widget-container\">\n\t\t\t\t\t\t\t<h2><span style=\"color: #003366;\">Th\u00e9rapie visuelle des dysfonctionnements de la vision binoculaire: Quels outils \u00e0 notre disposition?<\/span><\/h2>\t\t\t\t\t\t<\/div>\n\t\t\t\t<\/div>\n\t\t\t\t<div class=\"elementor-element elementor-element-7b2fdaad elementor-align-right elementor-widget elementor-widget-post-info\" data-id=\"7b2fdaad\" data-element_type=\"widget\" data-widget_type=\"post-info.default\">\n\t\t\t\t<div class=\"elementor-widget-container\">\n\t\t\t\t\t<ul class=\"elementor-inline-items elementor-icon-list-items elementor-post-info\">\n\t\t\t\t\t\t\t\t<li class=\"elementor-icon-list-item elementor-repeater-item-f8edb24 elementor-inline-item\" itemprop=\"datePublished\">\n\t\t\t\t\t\t<a href=\"https:\/\/saera.eu\/fr\/2024\/08\/20\/\">\n\t\t\t\t\t\t\t\t\t\t\t<span class=\"elementor-icon-list-icon\">\n\t\t\t\t\t\t\t\t<svg aria-hidden=\"true\" class=\"e-font-icon-svg e-fas-calendar\" viewBox=\"0 0 448 512\" xmlns=\"http:\/\/www.w3.org\/2000\/svg\"><path d=\"M12 192h424c6.6 0 12 5.4 12 12v260c0 26.5-21.5 48-48 48H48c-26.5 0-48-21.5-48-48V204c0-6.6 5.4-12 12-12zm436-44v-36c0-26.5-21.5-48-48-48h-48V12c0-6.6-5.4-12-12-12h-40c-6.6 0-12 5.4-12 12v52H160V12c0-6.6-5.4-12-12-12h-40c-6.6 0-12 5.4-12 12v52H48C21.5 64 0 85.5 0 112v36c0 6.6 5.4 12 12 12h424c6.6 0 12-5.4 12-12z\"><\/path><\/svg>\t\t\t\t\t\t\t<\/span>\n\t\t\t\t\t\t\t\t\t<span class=\"elementor-icon-list-text elementor-post-info__item elementor-post-info__item--type-date\">\n\t\t\t\t\t\t\t\t\t\t<time>20\/08\/2024<\/time>\t\t\t\t\t<\/span>\n\t\t\t\t\t\t\t\t\t<\/a>\n\t\t\t\t<\/li>\n\t\t\t\t<\/ul>\n\t\t\t\t<\/div>\n\t\t\t\t<\/div>\n\t\t\t\t<div class=\"elementor-element elementor-element-3a60dc3e elementor-widget elementor-widget-text-editor\" data-id=\"3a60dc3e\" data-element_type=\"widget\" data-widget_type=\"text-editor.default\">\n\t\t\t\t<div class=\"elementor-widget-container\">\n\t\t\t\t\t\t\t<h3><!-- wp:paragraph {\"align\":\"right\"} --><\/h3>\n<p class=\"has-text-align-right\">Par \u00a0<strong>Isabelle Guichard<\/strong><strong>, <\/strong>\u00e9tudiant du \u00a0Cours d\u2019Expert en Th\u00e9rapie Visuelle\u00a0<\/p>\n<p><!-- \/wp:paragraph --><!-- wp:paragraph --><\/p>\n<h3><strong>R\u00e9sum\u00e9<\/strong><\/h3>\n<p><!-- \/wp:paragraph --><!-- wp:paragraph --><\/p>\n<p style=\"text-align: justify;\">R\u00e9\u00e9ducation orthoptique, th\u00e9rapie visuelle, entra\u00eenement visio-moteur, des termes diff\u00e9rents pour une m\u00eame finalit\u00e9, am\u00e9liorer la fonction visuelle que cela soit une dysfonction monoculaire, d\u2019organisation des 2 yeux ou encore dans la mise en \u0153uvre de la vision dans l\u2019activit\u00e9. Cet article traite des m\u00e9thodes et outils utilisables dans la prise en charge des troubles non tropique de la vision binoculaire. Les exemples cit\u00e9s n\u2019ont pas vocation \u00e0 \u00eatre une liste exhaustive.<\/p>\n<p style=\"text-align: justify;\"><em><strong>Mots cl\u00e9s :<\/strong>\u00a0vision binoculaire, Amplitude de fusion, D\u00e9s\u00e9quilibre binoculaire, Accommodation, Orientation du regard, R\u00e9\u00e9ducation orthoptique, Th\u00e9rapie visuelle, Entra\u00eenement visuo-moteur, Mat\u00e9riels<strong>.<\/strong><\/em><\/p>\n<p>            <div class=\"ppv_wrapper ppv_container\" style=\"position: relative;width:100%; height:800px;\">\n                <div class=\"ppv-loading\">PDF Loading&#8230;<\/div>\n                <iframe id=\"s_pdf_frame\" src=\"\/\/docs.google.com\/gview?embedded=true&#038;url=https:\/\/saera.eu\/fr\/wp-content\/uploads\/2025\/05\/ACTIVITE-1_GUICHARD_ISABELLE.pdf\" style=\"float:left; padding:10px;width:100%; height:800px;\" frameborder=\"0\"><\/iframe>\n                            <\/div>\n            \n            <\/p>\n<p><!-- \/wp:paragraph --><!-- wp:shortcode --><\/p>\n<p><!-- \/wp:shortcode --><!-- wp:paragraph --><\/p>\n<p><!-- \/wp:paragraph --><\/p>\t\t\t\t\t\t<\/div>\n\t\t\t\t<\/div>\n\t\t\t\t<div class=\"elementor-element elementor-element-4f675931 elementor-widget elementor-widget-text-editor\" data-id=\"4f675931\" data-element_type=\"widget\" data-widget_type=\"text-editor.default\">\n\t\t\t\t<div class=\"elementor-widget-container\">\n\t\t\t\t\t\t\t<p style=\"text-align: justify;\">T\u00e9l\u00e9charger le dossier complet sur le lien suivant: <a href=\"https:\/\/saera.eu\/fr\/wp-content\/uploads\/2025\/05\/ACTIVITE-1_GUICHARD_ISABELLE.pdf\">Isabelle Guichard (2023). Th\u00e9rapie visuelle des dysfonctionnements de la vision binoculaire : Quels outils \u00e0 notre disposition ?- School of Advanced Education, Research and Accreditation.<\/a><\/p>\t\t\t\t\t\t<\/div>\n\t\t\t\t<\/div>\n\t\t\t\t\t<\/div>\n\t\t\t\t<\/div>\n\t\t\t\t<\/div>\n\t\t<div class=\"elementor-element elementor-element-28f5147a e-con-full e-flex e-con e-child\" data-id=\"28f5147a\" data-element_type=\"container\">\n\t\t\t\t<div class=\"elementor-element elementor-element-3ea43c7e elementor-widget elementor-widget-spacer\" data-id=\"3ea43c7e\" data-element_type=\"widget\" data-widget_type=\"spacer.default\">\n\t\t\t\t<div class=\"elementor-widget-container\">\n\t\t\t\t\t<div class=\"elementor-spacer\">\n\t\t\t<div class=\"elementor-spacer-inner\"><\/div>\n\t\t<\/div>\n\t\t\t\t<\/div>\n\t\t\t\t<\/div>\n\t\t\t\t<div class=\"elementor-element elementor-element-71c7a6d4 elementor-widget elementor-widget-wp-widget-text\" data-id=\"71c7a6d4\" data-element_type=\"widget\" data-widget_type=\"wp-widget-text.default\">\n\t\t\t\t<div class=\"elementor-widget-container\">\n\t\t\t<h5>Consultez notre offre de formation<\/h5>\t\t\t<div class=\"textwidget\"><\/div>\n\t\t\t\t<\/div>\n\t\t\t\t<\/div>\n\t\t<div class=\"elementor-element elementor-element-41922bff e-grid e-con-boxed e-con e-child\" data-id=\"41922bff\" data-element_type=\"container\">\n\t\t\t\t\t<div class=\"e-con-inner\">\n\t\t\t\t<div class=\"elementor-element elementor-element-2a22437c elementor-position-top elementor-widget elementor-widget-image-box\" data-id=\"2a22437c\" data-element_type=\"widget\" data-widget_type=\"image-box.default\">\n\t\t\t\t<div class=\"elementor-widget-container\">\n\t\t\t<div class=\"elementor-image-box-wrapper\"><figure class=\"elementor-image-box-img\"><a href=\"https:\/\/www.saera.eu\/audiologia\/\" tabindex=\"-1\"><img fetchpriority=\"high\" decoding=\"async\" width=\"300\" height=\"300\" src=\"https:\/\/saera.eu\/fr\/wp-content\/uploads\/2024\/08\/oreja_cuadrado-1-300x300.jpg\" class=\"attachment-medium size-medium wp-image-12793\" alt=\"\" srcset=\"https:\/\/saera.eu\/fr\/wp-content\/uploads\/2024\/08\/oreja_cuadrado-1-300x300.jpg 300w, https:\/\/saera.eu\/fr\/wp-content\/uploads\/2024\/08\/oreja_cuadrado-1-150x150.jpg 150w, https:\/\/saera.eu\/fr\/wp-content\/uploads\/2024\/08\/oreja_cuadrado-1-120x120.jpg 120w, https:\/\/saera.eu\/fr\/wp-content\/uploads\/2024\/08\/oreja_cuadrado-1-220x220.jpg 220w, https:\/\/saera.eu\/fr\/wp-content\/uploads\/2024\/08\/oreja_cuadrado-1-390x390.jpg 390w, https:\/\/saera.eu\/fr\/wp-content\/uploads\/2024\/08\/oreja_cuadrado-1.jpg 500w\" sizes=\"(max-width: 300px) 100vw, 300px\" \/><\/a><\/figure><div class=\"elementor-image-box-content\"><h4 class=\"elementor-image-box-title\"><a href=\"https:\/\/www.saera.eu\/audiologia\/\">Audiologie<\/a><\/h4><\/div><\/div>\t\t<\/div>\n\t\t\t\t<\/div>\n\t\t\t\t<div class=\"elementor-element elementor-element-3d520151 elementor-position-top elementor-widget elementor-widget-image-box\" data-id=\"3d520151\" data-element_type=\"widget\" data-widget_type=\"image-box.default\">\n\t\t\t\t<div class=\"elementor-widget-container\">\n\t\t\t<div class=\"elementor-image-box-wrapper\"><figure class=\"elementor-image-box-img\"><a href=\"https:\/\/saera.eu\/fonoaudiologia\/\" tabindex=\"-1\"><img decoding=\"async\" width=\"300\" height=\"300\" src=\"https:\/\/saera.eu\/fr\/wp-content\/uploads\/2024\/08\/Fonoaudiologia-1-300x300.jpg\" class=\"attachment-medium size-medium wp-image-12784\" alt=\"\" srcset=\"https:\/\/saera.eu\/fr\/wp-content\/uploads\/2024\/08\/Fonoaudiologia-1-300x300.jpg 300w, https:\/\/saera.eu\/fr\/wp-content\/uploads\/2024\/08\/Fonoaudiologia-1-150x150.jpg 150w, https:\/\/saera.eu\/fr\/wp-content\/uploads\/2024\/08\/Fonoaudiologia-1-120x120.jpg 120w, https:\/\/saera.eu\/fr\/wp-content\/uploads\/2024\/08\/Fonoaudiologia-1-220x220.jpg 220w, https:\/\/saera.eu\/fr\/wp-content\/uploads\/2024\/08\/Fonoaudiologia-1-390x390.jpg 390w, https:\/\/saera.eu\/fr\/wp-content\/uploads\/2024\/08\/Fonoaudiologia-1.jpg 500w\" sizes=\"(max-width: 300px) 100vw, 300px\" \/><\/a><\/figure><div class=\"elementor-image-box-content\"><h4 class=\"elementor-image-box-title\"><a href=\"https:\/\/saera.eu\/fonoaudiologia\/\">Logop\u00e9die<\/a><\/h4><\/div><\/div>\t\t<\/div>\n\t\t\t\t<\/div>\n\t\t\t\t<div class=\"elementor-element elementor-element-5ae1853c elementor-position-top elementor-widget elementor-widget-image-box\" data-id=\"5ae1853c\" data-element_type=\"widget\" data-widget_type=\"image-box.default\">\n\t\t\t\t<div class=\"elementor-widget-container\">\n\t\t\t<div class=\"elementor-image-box-wrapper\"><figure class=\"elementor-image-box-img\"><a href=\"https:\/\/saera.eu\/neurociencias\/\" tabindex=\"-1\"><img decoding=\"async\" width=\"300\" height=\"300\" src=\"https:\/\/saera.eu\/fr\/wp-content\/uploads\/2024\/08\/cerebro_cuadrado-1-300x300.jpg\" class=\"attachment-medium size-medium wp-image-12788\" alt=\"\" srcset=\"https:\/\/saera.eu\/fr\/wp-content\/uploads\/2024\/08\/cerebro_cuadrado-1-300x300.jpg 300w, https:\/\/saera.eu\/fr\/wp-content\/uploads\/2024\/08\/cerebro_cuadrado-1-150x150.jpg 150w, https:\/\/saera.eu\/fr\/wp-content\/uploads\/2024\/08\/cerebro_cuadrado-1-120x120.jpg 120w, https:\/\/saera.eu\/fr\/wp-content\/uploads\/2024\/08\/cerebro_cuadrado-1-220x220.jpg 220w, https:\/\/saera.eu\/fr\/wp-content\/uploads\/2024\/08\/cerebro_cuadrado-1-390x390.jpg 390w, https:\/\/saera.eu\/fr\/wp-content\/uploads\/2024\/08\/cerebro_cuadrado-1.jpg 500w\" sizes=\"(max-width: 300px) 100vw, 300px\" \/><\/a><\/figure><div class=\"elementor-image-box-content\"><h4 class=\"elementor-image-box-title\"><a href=\"https:\/\/saera.eu\/neurociencias\/\">Neurosciences<\/a><\/h4><\/div><\/div>\t\t<\/div>\n\t\t\t\t<\/div>\n\t\t\t\t<div class=\"elementor-element elementor-element-58a9388 elementor-position-top elementor-widget elementor-widget-image-box\" data-id=\"58a9388\" data-element_type=\"widget\" data-widget_type=\"image-box.default\">\n\t\t\t\t<div class=\"elementor-widget-container\">\n\t\t\t<div class=\"elementor-image-box-wrapper\"><figure class=\"elementor-image-box-img\"><a href=\"https:\/\/saera.eu\/optometria\/\" tabindex=\"-1\"><img loading=\"lazy\" decoding=\"async\" width=\"300\" height=\"300\" src=\"https:\/\/saera.eu\/fr\/wp-content\/uploads\/2024\/08\/ojo_cuadrado-1-300x300.jpg\" class=\"attachment-medium size-medium wp-image-12786\" alt=\"\" srcset=\"https:\/\/saera.eu\/fr\/wp-content\/uploads\/2024\/08\/ojo_cuadrado-1-300x300.jpg 300w, https:\/\/saera.eu\/fr\/wp-content\/uploads\/2024\/08\/ojo_cuadrado-1-150x150.jpg 150w, https:\/\/saera.eu\/fr\/wp-content\/uploads\/2024\/08\/ojo_cuadrado-1-120x120.jpg 120w, https:\/\/saera.eu\/fr\/wp-content\/uploads\/2024\/08\/ojo_cuadrado-1-220x220.jpg 220w, https:\/\/saera.eu\/fr\/wp-content\/uploads\/2024\/08\/ojo_cuadrado-1-390x390.jpg 390w, https:\/\/saera.eu\/fr\/wp-content\/uploads\/2024\/08\/ojo_cuadrado-1.jpg 500w\" sizes=\"(max-width: 300px) 100vw, 300px\" \/><\/a><\/figure><div class=\"elementor-image-box-content\"><h4 class=\"elementor-image-box-title\"><a href=\"https:\/\/saera.eu\/optometria\/\">Optom\u00e9trie<\/a><\/h4><\/div><\/div>\t\t<\/div>\n\t\t\t\t<\/div>\n\t\t\t\t\t<\/div>\n\t\t\t\t<\/div>\n\t\t\t\t<div class=\"elementor-element elementor-element-1247ab19 elementor-widget elementor-widget-wp-widget-text\" data-id=\"1247ab19\" data-element_type=\"widget\" data-widget_type=\"wp-widget-text.default\">\n\t\t\t\t<div class=\"elementor-widget-container\">\n\t\t\t<h5>Rechercher<\/h5>\t\t\t<div class=\"textwidget\"><\/div>\n\t\t\t\t<\/div>\n\t\t\t\t<\/div>\n\t\t\t\t<div class=\"elementor-element elementor-element-2e79e6fb elementor-widget elementor-widget-wp-widget-search\" data-id=\"2e79e6fb\" data-element_type=\"widget\" data-widget_type=\"wp-widget-search.default\">\n\t\t\t\t<div class=\"elementor-widget-container\">\n\t\t\t<form role=\"search\" class=\"bs-search search-form\" method=\"get\" action=\"https:\/\/saera.eu\/fr\/\">\n    <div class=\"search-wrap\">\n    \t<label class=\"screen-reader-text\">\n    \t\tSearch for:    \t<\/label>\n        <input type=\"search\" placeholder=\"Searching...\" name=\"s\" class=\"search-input\" value=\"\" \/>\n        <button type=\"submit\"  value=\"Search\"><i class=\"flaticon-search\"><\/i><\/button>\n    <\/div>\n<\/form>\t\t<\/div>\n\t\t\t\t<\/div>\n\t\t\t\t<div class=\"elementor-element elementor-element-47ebacb elementor-widget elementor-widget-wp-widget-text\" data-id=\"47ebacb\" data-element_type=\"widget\" data-widget_type=\"wp-widget-text.default\">\n\t\t\t\t<div class=\"elementor-widget-container\">\n\t\t\t<h5>Derniers Articles<\/h5>\t\t\t<div class=\"textwidget\"><\/div>\n\t\t\t\t<\/div>\n\t\t\t\t<\/div>\n\t\t\t\t<div class=\"elementor-element elementor-element-2f6cc950 elementor-widget elementor-widget-rsblog\" data-id=\"2f6cc950\" data-element_type=\"widget\" data-widget_type=\"rsblog.default\">\n\t\t\t\t<div class=\"elementor-widget-container\">\n\t\t\t         \r\n\t\t<div class=\"rs-blog-grid rs-blog-grid2\">            \r\n\t\t\t\r\n            <div class=\"row blog-gird-item\">\r\n                \r\n\t\t\t \t\t\t\t\t\t\r\n\t\t\t\t\t<div class=\"grid-item col-lg-12  filter_optometrie filter_these-de-master \">\r\n\r\n                                                    <div class=\"no-gutter blog-item rs-blog-grid1\">\r\n                                                           \r\n                                <div class=\"image-part\">\r\n                                    <a href=\"https:\/\/saera.eu\/fr\/2025\/11\/19\/impact-de-la-precision-du-calcul-des-lentilles-in\/\">\r\n                                        <img loading=\"lazy\" decoding=\"async\" width=\"1024\" height=\"580\" src=\"https:\/\/saera.eu\/fr\/wp-content\/uploads\/2025\/11\/Photo-Impact-de-la-precision-du-calcul-des-lentilles-intraoculaires--e1763554707966.png\" class=\"attachment-full size-full wp-post-image\" alt=\"\" srcset=\"https:\/\/saera.eu\/fr\/wp-content\/uploads\/2025\/11\/Photo-Impact-de-la-precision-du-calcul-des-lentilles-intraoculaires--e1763554707966.png 1024w, https:\/\/saera.eu\/fr\/wp-content\/uploads\/2025\/11\/Photo-Impact-de-la-precision-du-calcul-des-lentilles-intraoculaires--e1763554707966-300x170.png 300w, https:\/\/saera.eu\/fr\/wp-content\/uploads\/2025\/11\/Photo-Impact-de-la-precision-du-calcul-des-lentilles-intraoculaires--e1763554707966-768x435.png 768w, https:\/\/saera.eu\/fr\/wp-content\/uploads\/2025\/11\/Photo-Impact-de-la-precision-du-calcul-des-lentilles-intraoculaires--e1763554707966-732x415.png 732w\" sizes=\"(max-width: 1024px) 100vw, 1024px\" \/>                                    <\/a> \r\n                                <\/div>                             \r\n                                \r\n                                <div class=\"blog-content\">                                    \r\n                                                                               <ul class=\"blog-meta\">\r\n                                                                                                                                            <li><i class=\"fa fa-calendar-check-o\"><\/i> 19\/11\/2025<\/li>\r\n                                                                                                                                                                                <\/ul>\r\n                                                                                \r\n                                        <h3 class=\"title dd\"><a href=\"https:\/\/saera.eu\/fr\/2025\/11\/19\/impact-de-la-precision-du-calcul-des-lentilles-in\/\">Impact de la pr\u00e9cision du calcul des lentilles intraoculaires chez les sujets op\u00e9r\u00e9s de cataracte<\/a><\/h3>\r\n                                                                                <div class=\"btn-btm d-flex align-items-center justify-content-between\">\r\n                                                                                                                                        <div class=\"btn-part\">\r\n                                                    <a class=\"readon-arrow\" href=\"https:\/\/saera.eu\/fr\/2025\/11\/19\/impact-de-la-precision-du-calcul-des-lentilles-in\/\">\r\n                                                        Leer M\u00e1s <i class=\"fa fa fa-angle-right\"><\/i>\r\n                                                    <\/a>\r\n                                                <\/div>\r\n                                                                                    <\/div>\r\n\r\n                                <\/div>                                \r\n                            \r\n                            <\/div>\r\n                                                    \r\n                    <\/div>\r\n\t\t\t\t\t\t\t\t\t\t\r\n\t\t\t\t\t<div class=\"grid-item col-lg-12  filter_optometrie filter_these-de-master \">\r\n\r\n                                                    <div class=\"no-gutter blog-item rs-blog-grid1\">\r\n                                                           \r\n                                <div class=\"image-part\">\r\n                                    <a href=\"https:\/\/saera.eu\/fr\/2025\/08\/22\/optimisation-des-approde-traitement-de-lamblyopie-chez-les-enfants\/\">\r\n                                        <img loading=\"lazy\" decoding=\"async\" width=\"1024\" height=\"577\" src=\"https:\/\/saera.eu\/fr\/wp-content\/uploads\/2025\/08\/Diseno-sin-titulo-e1762257952815.png\" class=\"attachment-full size-full wp-post-image\" alt=\"\" srcset=\"https:\/\/saera.eu\/fr\/wp-content\/uploads\/2025\/08\/Diseno-sin-titulo-e1762257952815.png 1024w, https:\/\/saera.eu\/fr\/wp-content\/uploads\/2025\/08\/Diseno-sin-titulo-e1762257952815-300x169.png 300w, https:\/\/saera.eu\/fr\/wp-content\/uploads\/2025\/08\/Diseno-sin-titulo-e1762257952815-768x433.png 768w\" sizes=\"(max-width: 1024px) 100vw, 1024px\" \/>                                    <\/a> \r\n                                <\/div>                             \r\n                                \r\n                                <div class=\"blog-content\">                                    \r\n                                                                               <ul class=\"blog-meta\">\r\n                                                                                                                                            <li><i class=\"fa fa-calendar-check-o\"><\/i> 22\/08\/2025<\/li>\r\n                                                                                                                                                                                <\/ul>\r\n                                                                                \r\n                                        <h3 class=\"title dd\"><a href=\"https:\/\/saera.eu\/fr\/2025\/08\/22\/optimisation-des-approde-traitement-de-lamblyopie-chez-les-enfants\/\">Optimisation des approches de traitement de l&#8217;amblyopie chez les enfants<\/a><\/h3>\r\n                                                                                <div class=\"btn-btm d-flex align-items-center justify-content-between\">\r\n                                                                                                                                        <div class=\"btn-part\">\r\n                                                    <a class=\"readon-arrow\" href=\"https:\/\/saera.eu\/fr\/2025\/08\/22\/optimisation-des-approde-traitement-de-lamblyopie-chez-les-enfants\/\">\r\n                                                        Leer M\u00e1s <i class=\"fa fa fa-angle-right\"><\/i>\r\n                                                    <\/a>\r\n                                                <\/div>\r\n                                                                                    <\/div>\r\n\r\n                                <\/div>                                \r\n                            \r\n                            <\/div>\r\n                                                    \r\n                    <\/div>\r\n\t\t\t\t\t                 \r\n                         \r\n                <\/div>   \r\n                               \r\n            \t    \r\n                              \r\n\t\t<\/div>\r\n\t   \t\t<\/div>\n\t\t\t\t<\/div>\n\t\t\t\t<\/div>\n\t\t\t\t\t<\/div>\n\t\t\t\t<\/div>\n\t\t\t\t<\/div>\n\t\t","protected":false},"excerpt":{"rendered":"<p>Th\u00e9rapie visuelle des dysfonctionnements de la vision binoculaire: Quels outils \u00e0 notre disposition? Par \u00a0Isabelle Guichard, \u00e9tudiant du \u00a0Cours d\u2019Expert&#8230;<\/p>\n","protected":false},"author":1,"featured_media":16474,"comment_status":"open","ping_status":"open","sticky":false,"template":"elementor_header_footer","format":"standard","meta":{"footnotes":""},"categories":[98],"tags":[],"class_list":["post-13562","post","type-post","status-publish","format-standard","has-post-thumbnail","hentry","category-optometrie"],"yoast_head":"<!-- This site is optimized with the Yoast SEO plugin v27.4 - https:\/\/yoast.com\/product\/yoast-seo-wordpress\/ -->\n<title>Th\u00e9rapie visuelle des dysfonctionnements de la vision binoculaire - Saera FR<\/title>\n<meta name=\"robots\" content=\"index, follow, max-snippet:-1, max-image-preview:large, max-video-preview:-1\" \/>\n<link rel=\"canonical\" href=\"https:\/\/saera.eu\/fr\/2024\/08\/20\/therapie-visuelle-des-dysfonctionnements-de-la-vision-binoculaire\/\" \/>\n<meta property=\"og:locale\" content=\"fr_FR\" \/>\n<meta property=\"og:type\" content=\"article\" \/>\n<meta property=\"og:title\" content=\"Th\u00e9rapie visuelle des dysfonctionnements de la vision binoculaire - Saera FR\" \/>\n<meta property=\"og:description\" content=\"Th\u00e9rapie visuelle des dysfonctionnements de la vision binoculaire: Quels outils \u00e0 notre disposition? Par \u00a0Isabelle Guichard, \u00e9tudiant du \u00a0Cours d\u2019Expert...\" \/>\n<meta property=\"og:url\" content=\"https:\/\/saera.eu\/fr\/2024\/08\/20\/therapie-visuelle-des-dysfonctionnements-de-la-vision-binoculaire\/\" \/>\n<meta property=\"og:site_name\" content=\"Saera FR\" \/>\n<meta property=\"article:published_time\" content=\"2024-08-20T12:30:32+00:00\" \/>\n<meta property=\"article:modified_time\" content=\"2025-05-27T09:17:30+00:00\" \/>\n<meta property=\"og:image\" content=\"https:\/\/saera.eu\/fr\/wp-content\/uploads\/2024\/08\/vision-binocular-editada.jpg\" \/>\n\t<meta property=\"og:image:width\" content=\"700\" \/>\n\t<meta property=\"og:image:height\" content=\"394\" \/>\n\t<meta property=\"og:image:type\" content=\"image\/jpeg\" \/>\n<meta name=\"author\" content=\"saeraadmin\" \/>\n<meta name=\"twitter:card\" content=\"summary_large_image\" \/>\n<meta name=\"twitter:label1\" content=\"\u00c9crit par\" \/>\n\t<meta name=\"twitter:data1\" content=\"saeraadmin\" \/>\n\t<meta name=\"twitter:label2\" content=\"Dur\u00e9e de lecture estim\u00e9e\" \/>\n\t<meta name=\"twitter:data2\" content=\"3 minutes\" \/>\n<script type=\"application\/ld+json\" class=\"yoast-schema-graph\">{\"@context\":\"https:\\\/\\\/schema.org\",\"@graph\":[{\"@type\":\"Article\",\"@id\":\"https:\\\/\\\/saera.eu\\\/fr\\\/2024\\\/08\\\/20\\\/therapie-visuelle-des-dysfonctionnements-de-la-vision-binoculaire\\\/#article\",\"isPartOf\":{\"@id\":\"https:\\\/\\\/saera.eu\\\/fr\\\/2024\\\/08\\\/20\\\/therapie-visuelle-des-dysfonctionnements-de-la-vision-binoculaire\\\/\"},\"author\":{\"name\":\"saeraadmin\",\"@id\":\"https:\\\/\\\/saera.eu\\\/fr\\\/#\\\/schema\\\/person\\\/c0039ce790a2e525c401d362dd7dd328\"},\"headline\":\"Th\u00e9rapie visuelle des dysfonctionnements de la vision binoculaire\",\"datePublished\":\"2024-08-20T12:30:32+00:00\",\"dateModified\":\"2025-05-27T09:17:30+00:00\",\"mainEntityOfPage\":{\"@id\":\"https:\\\/\\\/saera.eu\\\/fr\\\/2024\\\/08\\\/20\\\/therapie-visuelle-des-dysfonctionnements-de-la-vision-binoculaire\\\/\"},\"wordCount\":197,\"commentCount\":0,\"image\":{\"@id\":\"https:\\\/\\\/saera.eu\\\/fr\\\/2024\\\/08\\\/20\\\/therapie-visuelle-des-dysfonctionnements-de-la-vision-binoculaire\\\/#primaryimage\"},\"thumbnailUrl\":\"https:\\\/\\\/saera.eu\\\/fr\\\/wp-content\\\/uploads\\\/2024\\\/08\\\/vision-binocular-editada.jpg\",\"articleSection\":[\"Optom\u00e9trie\"],\"inLanguage\":\"fr-FR\",\"potentialAction\":[{\"@type\":\"CommentAction\",\"name\":\"Comment\",\"target\":[\"https:\\\/\\\/saera.eu\\\/fr\\\/2024\\\/08\\\/20\\\/therapie-visuelle-des-dysfonctionnements-de-la-vision-binoculaire\\\/#respond\"]}]},{\"@type\":\"WebPage\",\"@id\":\"https:\\\/\\\/saera.eu\\\/fr\\\/2024\\\/08\\\/20\\\/therapie-visuelle-des-dysfonctionnements-de-la-vision-binoculaire\\\/\",\"url\":\"https:\\\/\\\/saera.eu\\\/fr\\\/2024\\\/08\\\/20\\\/therapie-visuelle-des-dysfonctionnements-de-la-vision-binoculaire\\\/\",\"name\":\"Th\u00e9rapie visuelle des dysfonctionnements de la vision binoculaire - Saera FR\",\"isPartOf\":{\"@id\":\"https:\\\/\\\/saera.eu\\\/fr\\\/#website\"},\"primaryImageOfPage\":{\"@id\":\"https:\\\/\\\/saera.eu\\\/fr\\\/2024\\\/08\\\/20\\\/therapie-visuelle-des-dysfonctionnements-de-la-vision-binoculaire\\\/#primaryimage\"},\"image\":{\"@id\":\"https:\\\/\\\/saera.eu\\\/fr\\\/2024\\\/08\\\/20\\\/therapie-visuelle-des-dysfonctionnements-de-la-vision-binoculaire\\\/#primaryimage\"},\"thumbnailUrl\":\"https:\\\/\\\/saera.eu\\\/fr\\\/wp-content\\\/uploads\\\/2024\\\/08\\\/vision-binocular-editada.jpg\",\"datePublished\":\"2024-08-20T12:30:32+00:00\",\"dateModified\":\"2025-05-27T09:17:30+00:00\",\"author\":{\"@id\":\"https:\\\/\\\/saera.eu\\\/fr\\\/#\\\/schema\\\/person\\\/c0039ce790a2e525c401d362dd7dd328\"},\"breadcrumb\":{\"@id\":\"https:\\\/\\\/saera.eu\\\/fr\\\/2024\\\/08\\\/20\\\/therapie-visuelle-des-dysfonctionnements-de-la-vision-binoculaire\\\/#breadcrumb\"},\"inLanguage\":\"fr-FR\",\"potentialAction\":[{\"@type\":\"ReadAction\",\"target\":[\"https:\\\/\\\/saera.eu\\\/fr\\\/2024\\\/08\\\/20\\\/therapie-visuelle-des-dysfonctionnements-de-la-vision-binoculaire\\\/\"]}]},{\"@type\":\"ImageObject\",\"inLanguage\":\"fr-FR\",\"@id\":\"https:\\\/\\\/saera.eu\\\/fr\\\/2024\\\/08\\\/20\\\/therapie-visuelle-des-dysfonctionnements-de-la-vision-binoculaire\\\/#primaryimage\",\"url\":\"https:\\\/\\\/saera.eu\\\/fr\\\/wp-content\\\/uploads\\\/2024\\\/08\\\/vision-binocular-editada.jpg\",\"contentUrl\":\"https:\\\/\\\/saera.eu\\\/fr\\\/wp-content\\\/uploads\\\/2024\\\/08\\\/vision-binocular-editada.jpg\",\"width\":700,\"height\":394},{\"@type\":\"BreadcrumbList\",\"@id\":\"https:\\\/\\\/saera.eu\\\/fr\\\/2024\\\/08\\\/20\\\/therapie-visuelle-des-dysfonctionnements-de-la-vision-binoculaire\\\/#breadcrumb\",\"itemListElement\":[{\"@type\":\"ListItem\",\"position\":1,\"name\":\"Portada\",\"item\":\"https:\\\/\\\/saera.eu\\\/fr\\\/\"},{\"@type\":\"ListItem\",\"position\":2,\"name\":\"Th\u00e9rapie visuelle des dysfonctionnements de la vision binoculaire\"}]},{\"@type\":\"WebSite\",\"@id\":\"https:\\\/\\\/saera.eu\\\/fr\\\/#website\",\"url\":\"https:\\\/\\\/saera.eu\\\/fr\\\/\",\"name\":\"Saera FR\",\"description\":\"\u00c9cole Sup\u00e9rieure de Formation\",\"potentialAction\":[{\"@type\":\"SearchAction\",\"target\":{\"@type\":\"EntryPoint\",\"urlTemplate\":\"https:\\\/\\\/saera.eu\\\/fr\\\/?s={search_term_string}\"},\"query-input\":{\"@type\":\"PropertyValueSpecification\",\"valueRequired\":true,\"valueName\":\"search_term_string\"}}],\"inLanguage\":\"fr-FR\"},{\"@type\":\"Person\",\"@id\":\"https:\\\/\\\/saera.eu\\\/fr\\\/#\\\/schema\\\/person\\\/c0039ce790a2e525c401d362dd7dd328\",\"name\":\"saeraadmin\",\"image\":{\"@type\":\"ImageObject\",\"inLanguage\":\"fr-FR\",\"@id\":\"https:\\\/\\\/secure.gravatar.com\\\/avatar\\\/2d4b38e83084153690919ac76077c0f9908d0b73d79a6b7b331cce93a9e58610?s=96&d=mm&r=g\",\"url\":\"https:\\\/\\\/secure.gravatar.com\\\/avatar\\\/2d4b38e83084153690919ac76077c0f9908d0b73d79a6b7b331cce93a9e58610?s=96&d=mm&r=g\",\"contentUrl\":\"https:\\\/\\\/secure.gravatar.com\\\/avatar\\\/2d4b38e83084153690919ac76077c0f9908d0b73d79a6b7b331cce93a9e58610?s=96&d=mm&r=g\",\"caption\":\"saeraadmin\"},\"sameAs\":[\"https:\\\/\\\/saera.eu\\\/fr\"],\"url\":\"https:\\\/\\\/saera.eu\\\/fr\\\/author\\\/saeraadmin\\\/\"}]}<\/script>\n<!-- \/ Yoast SEO plugin. -->","yoast_head_json":{"title":"Th\u00e9rapie visuelle des dysfonctionnements de la vision binoculaire - Saera FR","robots":{"index":"index","follow":"follow","max-snippet":"max-snippet:-1","max-image-preview":"max-image-preview:large","max-video-preview":"max-video-preview:-1"},"canonical":"https:\/\/saera.eu\/fr\/2024\/08\/20\/therapie-visuelle-des-dysfonctionnements-de-la-vision-binoculaire\/","og_locale":"fr_FR","og_type":"article","og_title":"Th\u00e9rapie visuelle des dysfonctionnements de la vision binoculaire - Saera FR","og_description":"Th\u00e9rapie visuelle des dysfonctionnements de la vision binoculaire: Quels outils \u00e0 notre disposition? Par \u00a0Isabelle Guichard, \u00e9tudiant du \u00a0Cours d\u2019Expert...","og_url":"https:\/\/saera.eu\/fr\/2024\/08\/20\/therapie-visuelle-des-dysfonctionnements-de-la-vision-binoculaire\/","og_site_name":"Saera FR","article_published_time":"2024-08-20T12:30:32+00:00","article_modified_time":"2025-05-27T09:17:30+00:00","og_image":[{"width":700,"height":394,"url":"https:\/\/saera.eu\/fr\/wp-content\/uploads\/2024\/08\/vision-binocular-editada.jpg","type":"image\/jpeg"}],"author":"saeraadmin","twitter_card":"summary_large_image","twitter_misc":{"\u00c9crit par":"saeraadmin","Dur\u00e9e de lecture estim\u00e9e":"3 minutes"},"schema":{"@context":"https:\/\/schema.org","@graph":[{"@type":"Article","@id":"https:\/\/saera.eu\/fr\/2024\/08\/20\/therapie-visuelle-des-dysfonctionnements-de-la-vision-binoculaire\/#article","isPartOf":{"@id":"https:\/\/saera.eu\/fr\/2024\/08\/20\/therapie-visuelle-des-dysfonctionnements-de-la-vision-binoculaire\/"},"author":{"name":"saeraadmin","@id":"https:\/\/saera.eu\/fr\/#\/schema\/person\/c0039ce790a2e525c401d362dd7dd328"},"headline":"Th\u00e9rapie visuelle des dysfonctionnements de la vision binoculaire","datePublished":"2024-08-20T12:30:32+00:00","dateModified":"2025-05-27T09:17:30+00:00","mainEntityOfPage":{"@id":"https:\/\/saera.eu\/fr\/2024\/08\/20\/therapie-visuelle-des-dysfonctionnements-de-la-vision-binoculaire\/"},"wordCount":197,"commentCount":0,"image":{"@id":"https:\/\/saera.eu\/fr\/2024\/08\/20\/therapie-visuelle-des-dysfonctionnements-de-la-vision-binoculaire\/#primaryimage"},"thumbnailUrl":"https:\/\/saera.eu\/fr\/wp-content\/uploads\/2024\/08\/vision-binocular-editada.jpg","articleSection":["Optom\u00e9trie"],"inLanguage":"fr-FR","potentialAction":[{"@type":"CommentAction","name":"Comment","target":["https:\/\/saera.eu\/fr\/2024\/08\/20\/therapie-visuelle-des-dysfonctionnements-de-la-vision-binoculaire\/#respond"]}]},{"@type":"WebPage","@id":"https:\/\/saera.eu\/fr\/2024\/08\/20\/therapie-visuelle-des-dysfonctionnements-de-la-vision-binoculaire\/","url":"https:\/\/saera.eu\/fr\/2024\/08\/20\/therapie-visuelle-des-dysfonctionnements-de-la-vision-binoculaire\/","name":"Th\u00e9rapie visuelle des dysfonctionnements de la vision binoculaire - Saera FR","isPartOf":{"@id":"https:\/\/saera.eu\/fr\/#website"},"primaryImageOfPage":{"@id":"https:\/\/saera.eu\/fr\/2024\/08\/20\/therapie-visuelle-des-dysfonctionnements-de-la-vision-binoculaire\/#primaryimage"},"image":{"@id":"https:\/\/saera.eu\/fr\/2024\/08\/20\/therapie-visuelle-des-dysfonctionnements-de-la-vision-binoculaire\/#primaryimage"},"thumbnailUrl":"https:\/\/saera.eu\/fr\/wp-content\/uploads\/2024\/08\/vision-binocular-editada.jpg","datePublished":"2024-08-20T12:30:32+00:00","dateModified":"2025-05-27T09:17:30+00:00","author":{"@id":"https:\/\/saera.eu\/fr\/#\/schema\/person\/c0039ce790a2e525c401d362dd7dd328"},"breadcrumb":{"@id":"https:\/\/saera.eu\/fr\/2024\/08\/20\/therapie-visuelle-des-dysfonctionnements-de-la-vision-binoculaire\/#breadcrumb"},"inLanguage":"fr-FR","potentialAction":[{"@type":"ReadAction","target":["https:\/\/saera.eu\/fr\/2024\/08\/20\/therapie-visuelle-des-dysfonctionnements-de-la-vision-binoculaire\/"]}]},{"@type":"ImageObject","inLanguage":"fr-FR","@id":"https:\/\/saera.eu\/fr\/2024\/08\/20\/therapie-visuelle-des-dysfonctionnements-de-la-vision-binoculaire\/#primaryimage","url":"https:\/\/saera.eu\/fr\/wp-content\/uploads\/2024\/08\/vision-binocular-editada.jpg","contentUrl":"https:\/\/saera.eu\/fr\/wp-content\/uploads\/2024\/08\/vision-binocular-editada.jpg","width":700,"height":394},{"@type":"BreadcrumbList","@id":"https:\/\/saera.eu\/fr\/2024\/08\/20\/therapie-visuelle-des-dysfonctionnements-de-la-vision-binoculaire\/#breadcrumb","itemListElement":[{"@type":"ListItem","position":1,"name":"Portada","item":"https:\/\/saera.eu\/fr\/"},{"@type":"ListItem","position":2,"name":"Th\u00e9rapie visuelle des dysfonctionnements de la vision binoculaire"}]},{"@type":"WebSite","@id":"https:\/\/saera.eu\/fr\/#website","url":"https:\/\/saera.eu\/fr\/","name":"Saera FR","description":"\u00c9cole Sup\u00e9rieure de Formation","potentialAction":[{"@type":"SearchAction","target":{"@type":"EntryPoint","urlTemplate":"https:\/\/saera.eu\/fr\/?s={search_term_string}"},"query-input":{"@type":"PropertyValueSpecification","valueRequired":true,"valueName":"search_term_string"}}],"inLanguage":"fr-FR"},{"@type":"Person","@id":"https:\/\/saera.eu\/fr\/#\/schema\/person\/c0039ce790a2e525c401d362dd7dd328","name":"saeraadmin","image":{"@type":"ImageObject","inLanguage":"fr-FR","@id":"https:\/\/secure.gravatar.com\/avatar\/2d4b38e83084153690919ac76077c0f9908d0b73d79a6b7b331cce93a9e58610?s=96&d=mm&r=g","url":"https:\/\/secure.gravatar.com\/avatar\/2d4b38e83084153690919ac76077c0f9908d0b73d79a6b7b331cce93a9e58610?s=96&d=mm&r=g","contentUrl":"https:\/\/secure.gravatar.com\/avatar\/2d4b38e83084153690919ac76077c0f9908d0b73d79a6b7b331cce93a9e58610?s=96&d=mm&r=g","caption":"saeraadmin"},"sameAs":["https:\/\/saera.eu\/fr"],"url":"https:\/\/saera.eu\/fr\/author\/saeraadmin\/"}]}},"_links":{"self":[{"href":"https:\/\/saera.eu\/fr\/wp-json\/wp\/v2\/posts\/13562","targetHints":{"allow":["GET"]}}],"collection":[{"href":"https:\/\/saera.eu\/fr\/wp-json\/wp\/v2\/posts"}],"about":[{"href":"https:\/\/saera.eu\/fr\/wp-json\/wp\/v2\/types\/post"}],"author":[{"embeddable":true,"href":"https:\/\/saera.eu\/fr\/wp-json\/wp\/v2\/users\/1"}],"replies":[{"embeddable":true,"href":"https:\/\/saera.eu\/fr\/wp-json\/wp\/v2\/comments?post=13562"}],"version-history":[{"count":13,"href":"https:\/\/saera.eu\/fr\/wp-json\/wp\/v2\/posts\/13562\/revisions"}],"predecessor-version":[{"id":16030,"href":"https:\/\/saera.eu\/fr\/wp-json\/wp\/v2\/posts\/13562\/revisions\/16030"}],"wp:featuredmedia":[{"embeddable":true,"href":"https:\/\/saera.eu\/fr\/wp-json\/wp\/v2\/media\/16474"}],"wp:attachment":[{"href":"https:\/\/saera.eu\/fr\/wp-json\/wp\/v2\/media?parent=13562"}],"wp:term":[{"taxonomy":"category","embeddable":true,"href":"https:\/\/saera.eu\/fr\/wp-json\/wp\/v2\/categories?post=13562"},{"taxonomy":"post_tag","embeddable":true,"href":"https:\/\/saera.eu\/fr\/wp-json\/wp\/v2\/tags?post=13562"}],"curies":[{"name":"wp","href":"https:\/\/api.w.org\/{rel}","templated":true}]}}